{"id":1222,"date":"2014-04-12T17:49:11","date_gmt":"2014-04-12T15:49:11","guid":{"rendered":"http:\/\/www.loick.de\/blog\/?p=1222"},"modified":"2014-04-12T18:05:21","modified_gmt":"2014-04-12T16:05:21","slug":"kleiner-bericht-vom-ub-parteitag-der-spd-bonn","status":"publish","type":"post","link":"https:\/\/www.loick.de\/blog\/?p=1222","title":{"rendered":"Kleiner Bericht vom UB Parteitag der SPD Bonn"},"content":{"rendered":"<p>Gerade komme ich vom Unterbezirksparteitag der Bonner SPD zur\u00fcck, die Sonne scheint und Frau und Kinder sind gerade nicht da &#8211; schnell verbloggen.<\/p>\n<p>Als nachger\u00fcckter Delegierter durfte ich heute alles mit abstimmen und war dar\u00fcber hinaus Mitglied der Z\u00e4hlkommission, was ja mal voll der Stress ist, aber der Reihe nach:<\/p>\n<figure id=\"attachment_1226\" aria-describedby=\"caption-attachment-1226\" style=\"width: 300px\" class=\"wp-caption alignleft\"><a href=\"http:\/\/www.loick.de\/blog\/wp-content\/uploads\/2014\/04\/mettbr\u00f6tchen_2014-04-12.jpg\"><img loading=\"lazy\" decoding=\"async\" class=\"size-medium wp-image-1226\" alt=\"Es gab Mettbr\u00f6tchen. Damit w\u00e4ren also die wesentlichen Anforderungen an eine netzaffine Partei erf\u00fcllt.\" src=\"http:\/\/www.loick.de\/blog\/wp-content\/uploads\/2014\/04\/mettbr\u00f6tchen_2014-04-12-300x289.jpg\" width=\"300\" height=\"289\" srcset=\"https:\/\/www.loick.de\/blog\/wp-content\/uploads\/2014\/04\/mettbr\u00f6tchen_2014-04-12-300x289.jpg 300w, https:\/\/www.loick.de\/blog\/wp-content\/uploads\/2014\/04\/mettbr\u00f6tchen_2014-04-12-414x400.jpg 414w, https:\/\/www.loick.de\/blog\/wp-content\/uploads\/2014\/04\/mettbr\u00f6tchen_2014-04-12-900x868.jpg 900w, https:\/\/www.loick.de\/blog\/wp-content\/uploads\/2014\/04\/mettbr\u00f6tchen_2014-04-12.jpg 1337w\" sizes=\"auto, (max-width: 300px) 100vw, 300px\" \/><\/a><figcaption id=\"caption-attachment-1226\" class=\"wp-caption-text\">Es gab Mettbr\u00f6tchen. Damit war die wichtigste Anforderung an eine moderne Partei gleich von Anfang an erf\u00fcllt.<\/figcaption><\/figure>\n<p>Das wichtigste zuerst: Es gab Mettbr\u00f6tchen mit Zwiebeln!<\/p>\n<p>Im ersten Block hat Ernesto Harder, der Vorsitzende des UB, Bilanz gezogen und die Arbeit der schwarz-gr\u00fcnen Koalition im Bonner Stadtrat ein wenig beleuchtet. Ich selbst bin ja nun lokalpolitisch nur wenig beschlagen, aber folgende Schlaglichter sind bei mir h\u00e4ngen geblieben: Seit \u00c4onen soll ja der Bonner Bahnhofsvorplatz neu gestaltet werden (was im allg. unter dem Begriff &#8222;S\u00fcd\u00fcberbauung&#8220; zusammengefasst wird) und es gibt dort einen sogenannten Investor. Nun ist es ja in Bonn so, dass wir seit dem WCCB Debakel eigentlich alle etwas vorsichtig geworden sind, was so Investoren angeht. Vor diesem Hintergrund finde ich die Haltung der Bonner SPD und unseres OB J\u00fcrgen Nimptsch ziemlich gut, dass sie von diesem sog. Investor mal einen Liquidit\u00e4tsnachweis verlangen: Hast du das Geld, was du uns versprichst, denn auch wirklich? So wie es aussieht, hat <a href=\"http:\/\/www.general-anzeiger-bonn.de\/bonn\/themen\/suedueberbauung\/mehrheit-steht-zu-investor-roger-sevenheck-article1168603.html\" target=\"_blank\">dieser sog. Investor diesen Nachweis bis heute nicht erbracht<\/a>. Und noch etwas aus Ernestos Ausf\u00fchrungen zu diesem Thema ist bei mir h\u00e4ngen geblieben: Die schwarz-gr\u00fcne Koalition h\u00e4lt an diesem sog. Investor fest, obwohl seit anderthalb Jahren gar kein Kontakt mehr zu ihm besteht. Sind die, Entschuldigung, total BESCHEUERT? Oder stimmt das so nicht, was Ernesto uns da erz\u00e4hlt hat? Und stimmt auch nicht, dass <a href=\"http:\/\/www.spd-bonn-im-rat.de\/meldungen\/11625\/149187\/Rat-beschlieszt-Hotel-Verkauf--Jemanden-fragen-der-sich-damit-auskennt.html\" target=\"_blank\">die gesamte CDU-Fraktion sich der Abstimmung \u00fcber den Verkauf des WCCB Hotels einfach entzogen hat<\/a>? Die gr\u00f6\u00dfte Fraktion im Bonner Stadtrat macht einfach nicht mit?! Bei diesem sensiblen Thema WCCB? Hacktet?!?! Haben die Angst, dass sie mit ihrem bequemen sich hinter B\u00e4rbel Dieckmann als Default-Schuldiger wegducken nicht mehr l\u00e4nger durchkommen, wenn sie sich mal bewegen? Ich finde, wenn die gr\u00f6\u00dfte Fraktion des Stadtrates sich ihrer Verantwortung derart entzieht, sollte man ihr das Mandat entziehen (das ist eine Aufforderung an Euch, W\u00e4hler*innen von Bonn!). Die machen ihren Job nicht. Die d\u00fcrfen schon allein deswegen nicht gr\u00f6\u00dfte Fraktion bleiben, finde ich.<\/p>\n<p>Danach kam das ganze Brett an Wahlen. Vorstand, Schiedskommission und allerlei Delegierte f\u00fcr den n\u00e4chsten Bundesparteitag, den n\u00e4chsten Landesparteitag, den Landesparteirat und zur Regionalkonferenz. Und ich musste z\u00e4hlen, z\u00e4hlen, \u00a0z\u00e4hlenpop\u00e4hlen*).<\/p>\n<p>Zwischenzeitlich hat Andreas Hartl (<a href=\"https:\/\/twitter.com\/rheinwaerts\" target=\"_blank\">@rheinwaerts<\/a>) ein bisschen Werbung f\u00fcr unseren <a href=\"http:\/\/d-64.org\/\" target=\"_blank\">gem\u00fctlichen netzpolitischen Verein<\/a> betrieben und ich habe auch ein paar Aufkleber und Anstecker verteilt, was mich mit einem fr\u00f6hlichen Gef\u00fchl erf\u00fcllt. Also Freude. Fr\u00f6hliche Freude. Zwei fr\u00f6hliche Freuden.<\/p>\n<figure id=\"attachment_1223\" aria-describedby=\"caption-attachment-1223\" style=\"width: 300px\" class=\"wp-caption alignleft\"><a href=\"http:\/\/www.loick.de\/blog\/wp-content\/uploads\/2014\/04\/vorstandSPDBonn_2014-04-12.jpg\"><img loading=\"lazy\" decoding=\"async\" class=\"size-medium wp-image-1223\" alt=\"Habemus Vorstand: Gabi Mayer (stllv. Vors.), Ilse Wolf, Marcel Bengs, D\u00f6rte Schall (stllv. Vors.), Thomas Herrmann, Bodo Buhse, Sabrina Lipprandt, Martin Pfafferott, Erika Coch\u00e9, Jessica Rosenthal, Ernesto Harder (Vors.)\" src=\"http:\/\/www.loick.de\/blog\/wp-content\/uploads\/2014\/04\/vorstandSPDBonn_2014-04-12-300x197.jpg\" width=\"300\" height=\"197\" srcset=\"https:\/\/www.loick.de\/blog\/wp-content\/uploads\/2014\/04\/vorstandSPDBonn_2014-04-12-300x197.jpg 300w, https:\/\/www.loick.de\/blog\/wp-content\/uploads\/2014\/04\/vorstandSPDBonn_2014-04-12-607x400.jpg 607w, https:\/\/www.loick.de\/blog\/wp-content\/uploads\/2014\/04\/vorstandSPDBonn_2014-04-12-900x593.jpg 900w, https:\/\/www.loick.de\/blog\/wp-content\/uploads\/2014\/04\/vorstandSPDBonn_2014-04-12.jpg 1991w\" sizes=\"auto, (max-width: 300px) 100vw, 300px\" \/><\/a><figcaption id=\"caption-attachment-1223\" class=\"wp-caption-text\">Der neue Vorstand der Bonner SPD (v.l.):<br \/>Gabi Mayer (stllv. Vors.), Ilse Wolf, Marcel Bengs, D\u00f6rte Schall (stllv. Vors.), Thomas Herrmann, Bodo Buhse, Sabrina Lipprandt, Martin Pfafferott, Erika Coch\u00e9, Jessica Rosenthal, Ernesto Harder (Vors.)<\/figcaption><\/figure>\n<p>Am Ende haben jetzt wir eine ganze Reihe neu gew\u00e4hlter Vertreter*innen und ich muss sagen, die Ergebnisse erf\u00fcllen mich auch mit Freude. Fr\u00f6hlicher Freude. Zum einen ist unser Beueler Jung&#8216; Marcel Bengs (<a href=\"https:\/\/twitter.com\/Erstbescheid\" target=\"_blank\">@Erstbescheid<\/a>) mit bemerkenswert vielen Stimmen in den UB Vorstand gew\u00e4hlt worden, zum anderen finde ich die Zusammensetzung des Vorstands aber auch insgesamt sehr gut. Wir haben mit Carolina Tobo und Y\u00fcksel Altiner hervorragende Leute nicht-deutscher Herkunft dabei, geschlechterquotiert ist\u00a0der Vorstand ja sowieso allerbestens, wir haben mit Ilse Wolf eine 84j\u00e4hrige R\u00fcckkehrerin, die die Partei unter Schr\u00f6der tempor\u00e4r verlassen hatte und sich nun wieder einbringen will, wir haben mit Jessica Rosenthal und Marcel ganz junge Leute dabei. Ich finde, dass dieser Vorstand einen wunderbaren Querschnitt durch alle Bev\u00f6lkerungsteile darstellt, das soll uns erstmal jemand nachmachen.<\/p>\n<p>Besonders freue ich mich aber auch, dass Andreas, also der\u00a0<a href=\"https:\/\/twitter.com\/rheinwaerts\" target=\"_blank\">@rheinwaerts<\/a>,\u00a0als Delegierter f\u00fcr den n\u00e4chsten Bundesparteitag gew\u00e4hlt wurde, also einer, der nicht nur D64-Mitglied**), sondern auch sonst sehr netzaffin ist. \u00dcberhaupt wird die Bonner Delegation mit Ernesto Harder, Katharina Oerder und eben Andreas vergleichsweise jung sein, ich finde, die SPD in der restlichen Republik d\u00fcrfte das auch ruhig \u00f6fter so machen.<\/p>\n<figure id=\"attachment_1225\" aria-describedby=\"caption-attachment-1225\" style=\"width: 195px\" class=\"wp-caption alignleft\"><a href=\"http:\/\/www.loick.de\/blog\/wp-content\/uploads\/2014\/04\/doerteSchall_2014-04-12.jpg\"><img loading=\"lazy\" decoding=\"async\" class=\"size-medium wp-image-1225\" alt=\"D\u00f6rte Schall, Kandidatin f\u00fcr die Europawahl am 25. Mai 2014. Geht hin und w\u00e4hlt sie!\" src=\"http:\/\/www.loick.de\/blog\/wp-content\/uploads\/2014\/04\/doerteSchall_2014-04-12-195x300.jpg\" width=\"195\" height=\"300\" srcset=\"https:\/\/www.loick.de\/blog\/wp-content\/uploads\/2014\/04\/doerteSchall_2014-04-12-195x300.jpg 195w, https:\/\/www.loick.de\/blog\/wp-content\/uploads\/2014\/04\/doerteSchall_2014-04-12-260x400.jpg 260w, https:\/\/www.loick.de\/blog\/wp-content\/uploads\/2014\/04\/doerteSchall_2014-04-12.jpg 342w\" sizes=\"auto, (max-width: 195px) 100vw, 195px\" \/><\/a><figcaption id=\"caption-attachment-1225\" class=\"wp-caption-text\">D\u00f6rte Schall, Kandidatin f\u00fcr die Europawahl am 25. Mai 2014. Geht hin und w\u00e4hlt sie!<\/figcaption><\/figure>\n<p>Ceterum censeo Ihr solltet <a href=\"https:\/\/www.facebook.com\/doerte.schall\" target=\"_blank\">D\u00f6rte Schall<\/a> ins Europaparlament w\u00e4hlen. Ich finde sehr angenehm, dass wir mit ihr eine Kandidatin haben, die pers\u00f6nlich exakt die gleichen Erfahrungen macht wie meine kleine Familie und ich, wenn sie Kinder, Beruf und politisches Engagement unter einen Hut bringt.<\/p>\n<p>Antr\u00e4ge haben wir nat\u00fcrlich auch beraten. So wollen wir eine interfraktionelle Resolution &#8222;Bonn bleibt bunt&#8220; auf den Weg bringen, in der alle demokratischen Bonner Parteien ein klares Signal gegen Rassismus setzen. Wir haben Antr\u00e4ge zum Tendenzbetrieb Kirche, zu Auskunftsrechten von Verbrauchern bei Auskunfteien (z. B. der Schufa), zu TTIP und zum Kinderschutz beraten. Also die anderen haben beraten, ich war da leider gerade mit z\u00e4hlen besch\u00e4ftigt und habe die Diskussionen daher nicht ganz mitbekommen, aber Ihr k\u00f6nnt <a href=\"https:\/\/twitter.com\/erstbescheid\" target=\"_blank\">Marcel<\/a> und <a href=\"https:\/\/twitter.com\/rheinwaerts\" target=\"_blank\">Andreas<\/a> dazu befragen, sie haben alles genau verfolgt.<\/p>\n<p><em>*) Also Wahlzettel austeilen (dabei immer vom \u00a0Pr\u00e4sidium angeherrscht werden: &#8222;Hier vorne fehlen noch Zettel!!&#8220;), dann alles wieder einsammeln (und auch daf\u00fcr kluge Tipps per Saalbeschallungsanlage vom Pr\u00e4sidium erhalten) und dann alles ausz\u00e4hlen und dreimal kontrollieren und am Ende die Quotierung pr\u00fcfen und \u00fcberhaupt: St\u00e4ndig diese Listenwahlen, hehehe&#8230; Nee, im Ernst: Cool, wie professionell die erfahrenen Z\u00e4hler*innen sowas abwickeln und wie selbstverst\u00e4ndlich man dabei lernt, wie so eine Ausz\u00e4hlung am schnellsten durchgef\u00fchrt wird und welche Qualit\u00e4tssicherungsma\u00dfnahmen dabei am effektivsten greifen. 150 Jahre tradierte Erfahrung, ich finde cool, wie das wie eine ge\u00f6lte Maschinerie l\u00e4uft und ich dabei mitmachen kann.<\/em><\/p>\n<p>**) Hier k\u00f6nnt Ihr auch Mitglied werden:\u00a0<a href=\"http:\/\/d-64.org\/mitglied-werden\/\" target=\"_blank\">http:\/\/d-64.org\/mitglied-werden\/<\/a><\/p>\n","protected":false},"excerpt":{"rendered":"<p>Gerade komme ich vom Unterbezirksparteitag der Bonner SPD zur\u00fcck, die Sonne scheint und Frau und Kinder sind gerade nicht da &#8211; schnell verbloggen. Als nachger\u00fcckter Delegierter durfte ich heute alles mit abstimmen und war dar\u00fcber hinaus Mitglied der Z\u00e4hlkommission, was ja mal voll der Stress ist, aber der Reihe nach: Das wichtigste zuerst: Es gab&hellip; <a class=\"more-link\" href=\"https:\/\/www.loick.de\/blog\/?p=1222\"><span class=\"screen-reader-text\">Kleiner Bericht vom UB Parteitag der SPD Bonn<\/span> weiterlesen<\/a><\/p>\n","protected":false},"author":2,"featured_media":0,"comment_status":"open","ping_status":"open","sticky":false,"template":"","format":"standard","meta":{"footnotes":""},"categories":[1,39,37,24,25,20,27,14,19,34],"tags":[],"class_list":["post-1222","post","type-post","status-publish","format-standard","hentry","category-allgemein","category-d64","category-europa","category-feminismus","category-gleichberechtigung","category-hofberichterstattung","category-netzpolitik","category-politik","category-spd","category-vereinbarkeit-beruf-und-familie","entry"],"_links":{"self":[{"href":"https:\/\/www.loick.de\/blog\/index.php?rest_route=\/wp\/v2\/posts\/1222","targetHints":{"allow":["GET"]}}],"collection":[{"href":"https:\/\/www.loick.de\/blog\/index.php?rest_route=\/wp\/v2\/posts"}],"about":[{"href":"https:\/\/www.loick.de\/blog\/index.php?rest_route=\/wp\/v2\/types\/post"}],"author":[{"embeddable":true,"href":"https:\/\/www.loick.de\/blog\/index.php?rest_route=\/wp\/v2\/users\/2"}],"replies":[{"embeddable":true,"href":"https:\/\/www.loick.de\/blog\/index.php?rest_route=%2Fwp%2Fv2%2Fcomments&post=1222"}],"version-history":[{"count":4,"href":"https:\/\/www.loick.de\/blog\/index.php?rest_route=\/wp\/v2\/posts\/1222\/revisions"}],"predecessor-version":[{"id":1229,"href":"https:\/\/www.loick.de\/blog\/index.php?rest_route=\/wp\/v2\/posts\/1222\/revisions\/1229"}],"wp:attachment":[{"href":"https:\/\/www.loick.de\/blog\/index.php?rest_route=%2Fwp%2Fv2%2Fmedia&parent=1222"}],"wp:term":[{"taxonomy":"category","embeddable":true,"href":"https:\/\/www.loick.de\/blog\/index.php?rest_route=%2Fwp%2Fv2%2Fcategories&post=1222"},{"taxonomy":"post_tag","embeddable":true,"href":"https:\/\/www.loick.de\/blog\/index.php?rest_route=%2Fwp%2Fv2%2Ftags&post=1222"}],"curies":[{"name":"wp","href":"https:\/\/api.w.org\/{rel}","templated":true}]}}