{"id":1407,"date":"2014-10-23T01:08:32","date_gmt":"2014-10-22T23:08:32","guid":{"rendered":"http:\/\/www.loick.de\/blog\/?p=1407"},"modified":"2014-10-23T10:24:05","modified_gmt":"2014-10-23T08:24:05","slug":"datengefahr","status":"publish","type":"post","link":"https:\/\/www.loick.de\/blog\/?p=1407","title":{"rendered":"Datengefahr"},"content":{"rendered":"<p>Heute Abend, vor dem sch\u00f6nen D64-Stammtisch in K\u00f6ln, war ich ja auch noch bei dieser <a href=\"http:\/\/www.internetwoche.koeln\/events\/cybersicherheit\/\">Veranstaltung &#8222;Staaten machtlos \u2013 B\u00fcrger schutzlos?&#8220; der Friedrich Ebert Stiftung im Rahmen der Internetwoche K\u00f6ln<\/a>. Die Veranstaltung war gut besucht, es gab eine angeregte Diskussion, an der mich folgendes gest\u00f6rt hat: Wieder und wieder sprechen wir von Datenschutz und den Gef\u00e4hrdungspotenzialen, die entstehen, wenn unsere Datensignaturen, die wir im Netz hinterlassen &#8211; sei es willentlich in den Social Media Kan\u00e4len, sei es nicht willentlich durch Devicebenutzung, die durch Geheimdienste getrackt wird. Immer reden wir auf solchen Veranstaltungen davon, dass man mit diesen vielen Daten sicher viel b\u00f6ses anrichten k\u00f6nnte. Also Konjunktiv.<\/p>\n<p>Dabei ist die Existenz dieser Daten f\u00fcr sich nicht verwerflich. Die Frage, die wirklich nie konkret beantwortet wird, ist aber: Was machen die, die diese Daten haben, damit? Und nie wird gefragt, welche der potenziellen Handlungen, die die, die diese Daten haben, ausf\u00fchren, zu verurteilen sind. Das ist n\u00e4mlich ein weites Feld, das noch niemand \u00fcberblicken kann.<\/p>\n<ul>\n<li>Jemand erhebt Daten von mir und leitet daraus ab, dass ich ein erh\u00f6htes Krebsrisiko habe. Das verkauft dieser jemand an meine Krankenkasse. Die erh\u00f6ht daraufhin meine monatliche Versicherungspr\u00e4mie. Darf die Krankenkasse das?<\/li>\n<li>Jemand checkt die sozialen Daten der Personen in meiner geografischen Nachbarschaft ab und erstellt daraus ein soziales Profil meiner Stra\u00dfe. Das Ergebnis verkauft dieser jemand an meine Haftpflicht\/Einbruchs-\/KeineAhnungWasVersicherung. Meine Versicherung erh\u00f6ht daraufhin meine monatliche Pr\u00e4mie.<\/li>\n<li>Jemand checkt meine Profile bei Twitter, Facebook und Instagram aus und beurteilt mich deswegen als kommunistischen Hardliner. Diese Information verkauft dieser jemand an meinen Arbeitgeber. Mein Arbeitgeber hat Angst, dass ich in der Belegschaft zu agitieren anfange und entl\u00e4sst mich unter fadenscheinigen Vorw\u00e4nden.<\/li>\n<\/ul>\n<p>So oder so \u00e4hnlich werden die Bedrohungen sikzziert, die von den Datensignaturen ausgehen, die ich im Netz hinterlasse. Ich frage mich aber dabei immer: D\u00fcrfen so Versicherungen auf Basis solcher Daten die Pr\u00e4mien erh\u00f6hen? Ist nicht diese Frage der eigentliche Knackpunkt der ganzen Diskussion? Und d\u00e4monisieren wir nicht die Daten, die wir hinterlassen und die nat\u00fcrlich erhoben werden, eher aus der Bequemlichkeit heraus, weil wir uns scheuen, das riesige Fass aufzumachen, alle diese Milliarden Einzelf\u00e4lle beurteilen und in &#8222;legitim&#8220; oder &#8222;nicht legitim, deswegen verboten&#8220; einordnen zu m\u00fcssen? Die Daten an sich sind m. E. ja gar nicht das Problem, sondern immer nur das, was irgendwelche Player damit anstellen. Und weil wir &#8211; Stichwort Neuland! &#8211; nicht einmal \u00fcberblicken k\u00f6nnen, wie viele dieser Probleme konkret auftreten k\u00f6nnen, schieben wir dem ganzen pauschal den Riegel vor und behaupten, dass Datenerhebung per se zu verurteilen ist. Dabei bin ich davon \u00fcberzeugt, dass viele Innovationen, die wir heute wie selbstverst\u00e4ndlich nutzen, nie entstanden w\u00e4ren, wenn Kreative nicht eine zun\u00e4chst undefinierte, aber gro\u00dfe Datenbasis gehabt h\u00e4tten.<\/p>\n<p>Der Begriff &#8222;Daten&#8220; selbst ist ja auch h\u00f6chst pauschalisierend und vereinfachend. Wenn wir von Daten im Allgemeinen sprechen, wird nie gesagt, welche Daten das in Detail sind, in welchen Zusammenhang sie erhoben wurden und vor allem in welchem Zusammenhang sie verwendet werden. Ich glaube, wir sind langsam an dem Punkt, wo wir uns die Bequemlichkeit dieser Pauschalisierung nicht mehr leisten k\u00f6nnen, weil sich unsere Diskussionen dar\u00fcber im Kreis drehen.<\/p>\n<p>Das sind so Gedanken, die mir durch den Kopf schwirren nach dieser Diskussion heute abend. Sie sind unfertig, vielleicht kann jemand einen Impetus daraus ableiten. Vielleicht ist das auch alles Unsinn.<\/p>\n","protected":false},"excerpt":{"rendered":"<p>Heute Abend, vor dem sch\u00f6nen D64-Stammtisch in K\u00f6ln, war ich ja auch noch bei dieser Veranstaltung &#8222;Staaten machtlos \u2013 B\u00fcrger schutzlos?&#8220; der Friedrich Ebert Stiftung im Rahmen der Internetwoche K\u00f6ln. Die Veranstaltung war gut besucht, es gab eine angeregte Diskussion, an der mich folgendes gest\u00f6rt hat: Wieder und wieder sprechen wir von Datenschutz und den&hellip; <a class=\"more-link\" href=\"https:\/\/www.loick.de\/blog\/?p=1407\"><span class=\"screen-reader-text\">Datengefahr<\/span> weiterlesen<\/a><\/p>\n","protected":false},"author":2,"featured_media":0,"comment_status":"open","ping_status":"open","sticky":false,"template":"","format":"standard","meta":{"footnotes":""},"categories":[45,14,18,33],"tags":[],"class_list":["post-1407","post","type-post","status-publish","format-standard","hentry","category-nsa","category-politik","category-social-media","category-ueberwachung","entry"],"_links":{"self":[{"href":"https:\/\/www.loick.de\/blog\/index.php?rest_route=\/wp\/v2\/posts\/1407","targetHints":{"allow":["GET"]}}],"collection":[{"href":"https:\/\/www.loick.de\/blog\/index.php?rest_route=\/wp\/v2\/posts"}],"about":[{"href":"https:\/\/www.loick.de\/blog\/index.php?rest_route=\/wp\/v2\/types\/post"}],"author":[{"embeddable":true,"href":"https:\/\/www.loick.de\/blog\/index.php?rest_route=\/wp\/v2\/users\/2"}],"replies":[{"embeddable":true,"href":"https:\/\/www.loick.de\/blog\/index.php?rest_route=%2Fwp%2Fv2%2Fcomments&post=1407"}],"version-history":[{"count":4,"href":"https:\/\/www.loick.de\/blog\/index.php?rest_route=\/wp\/v2\/posts\/1407\/revisions"}],"predecessor-version":[{"id":1411,"href":"https:\/\/www.loick.de\/blog\/index.php?rest_route=\/wp\/v2\/posts\/1407\/revisions\/1411"}],"wp:attachment":[{"href":"https:\/\/www.loick.de\/blog\/index.php?rest_route=%2Fwp%2Fv2%2Fmedia&parent=1407"}],"wp:term":[{"taxonomy":"category","embeddable":true,"href":"https:\/\/www.loick.de\/blog\/index.php?rest_route=%2Fwp%2Fv2%2Fcategories&post=1407"},{"taxonomy":"post_tag","embeddable":true,"href":"https:\/\/www.loick.de\/blog\/index.php?rest_route=%2Fwp%2Fv2%2Ftags&post=1407"}],"curies":[{"name":"wp","href":"https:\/\/api.w.org\/{rel}","templated":true}]}}