{"id":1633,"date":"2015-08-26T21:06:29","date_gmt":"2015-08-26T19:06:29","guid":{"rendered":"http:\/\/www.loick.de\/blog\/?p=1633"},"modified":"2015-08-26T21:06:29","modified_gmt":"2015-08-26T19:06:29","slug":"timeout","status":"publish","type":"post","link":"https:\/\/www.loick.de\/blog\/?p=1633","title":{"rendered":"Timeout"},"content":{"rendered":"<p>Heute brennen in Deutschland Fl\u00fcchtlingsunterk\u00fcnfte und ich kann es nicht mehr h\u00f6ren, es ist ekelhaft. Ich sitze in der K\u00fcche und h\u00f6re die <a href=\"https:\/\/open.spotify.com\/user\/1124969387\/playlist\/1pdp5KzVOf3Bip1SU0FEyg\" target=\"_blank\">Jammerplaylist<\/a> und dabei stolpere ich \u00fcber Freundeskreis, &#8222;Esperanto&#8220;. Da singen sie:<\/p>\n<blockquote><p>Esperanto, eloquente definition<br \/>\nEin schnellerlernter Lingo zur Verst\u00e4ndigung der Nation&#8217;n<br \/>\nBasiert auf romanisch, deutsch, jiddisch, slawisch,<br \/>\nKein Sprachimperialismus oder Privileg des Bildungsadels<\/p><\/blockquote>\n<p>Das war, wie ich einige Zeilen weiter oben lese, im Jahr 1999. Wann fing das an, dass die jungen Leute\u2122 pl\u00f6tzlich ohne schlechtes Gewissen so&#8217;n Shice wie B\u00f6hse Onkelz oder Frei Wild geh\u00f6rt haben? Ging das echt mit der WM 2006 los? Waren wir\u2122 wirklich die\u00a0bessere Generation out of control als die heute? Wann ging das schief, dass Rebellion pl\u00f6tzlich rechts wurde? Bin ich mit Schuld daran?<\/p>\n<p>Jetzt sitze ich hier und h\u00f6re alte Musik, weil ich den Hass f\u00fcr einen Moment nicht mehr ertrage. Die Kinder schlafen. Heute hat der Gro\u00dfe Sohn gesagt: &#8222;Papa, Du wolltest uns doch noch das Bild im Internet zeigen, wie die Fl\u00fcchtlingskinder mit unseren Spielsachen spielen.&#8220; Ich zeigte es ihnen.\u00a0&#8222;Oh, wie sch\u00f6n! Guck mal, s, da ist unser altes Flugzeug! Gut, dass wir das gemacht haben, Papa!&#8220;<\/p>\n","protected":false},"excerpt":{"rendered":"<p>Heute brennen in Deutschland Fl\u00fcchtlingsunterk\u00fcnfte und ich kann es nicht mehr h\u00f6ren, es ist ekelhaft. Ich sitze in der K\u00fcche und h\u00f6re die Jammerplaylist und dabei stolpere ich \u00fcber Freundeskreis, &#8222;Esperanto&#8220;. Da singen sie: Esperanto, eloquente definition Ein schnellerlernter Lingo zur Verst\u00e4ndigung der Nation&#8217;n Basiert auf romanisch, deutsch, jiddisch, slawisch, Kein Sprachimperialismus oder Privileg des&hellip; <a class=\"more-link\" href=\"https:\/\/www.loick.de\/blog\/?p=1633\"><span class=\"screen-reader-text\">Timeout<\/span> weiterlesen<\/a><\/p>\n","protected":false},"author":2,"featured_media":0,"comment_status":"open","ping_status":"open","sticky":false,"template":"","format":"standard","meta":{"footnotes":""},"categories":[4,53,59,51,7,48],"tags":[],"class_list":["post-1633","post","type-post","status-publish","format-standard","hentry","category-die-kinder","category-freundlichkeit","category-gefluechtete","category-haltung","category-musik","category-nazis","entry"],"_links":{"self":[{"href":"https:\/\/www.loick.de\/blog\/index.php?rest_route=\/wp\/v2\/posts\/1633","targetHints":{"allow":["GET"]}}],"collection":[{"href":"https:\/\/www.loick.de\/blog\/index.php?rest_route=\/wp\/v2\/posts"}],"about":[{"href":"https:\/\/www.loick.de\/blog\/index.php?rest_route=\/wp\/v2\/types\/post"}],"author":[{"embeddable":true,"href":"https:\/\/www.loick.de\/blog\/index.php?rest_route=\/wp\/v2\/users\/2"}],"replies":[{"embeddable":true,"href":"https:\/\/www.loick.de\/blog\/index.php?rest_route=%2Fwp%2Fv2%2Fcomments&post=1633"}],"version-history":[{"count":1,"href":"https:\/\/www.loick.de\/blog\/index.php?rest_route=\/wp\/v2\/posts\/1633\/revisions"}],"predecessor-version":[{"id":1634,"href":"https:\/\/www.loick.de\/blog\/index.php?rest_route=\/wp\/v2\/posts\/1633\/revisions\/1634"}],"wp:attachment":[{"href":"https:\/\/www.loick.de\/blog\/index.php?rest_route=%2Fwp%2Fv2%2Fmedia&parent=1633"}],"wp:term":[{"taxonomy":"category","embeddable":true,"href":"https:\/\/www.loick.de\/blog\/index.php?rest_route=%2Fwp%2Fv2%2Fcategories&post=1633"},{"taxonomy":"post_tag","embeddable":true,"href":"https:\/\/www.loick.de\/blog\/index.php?rest_route=%2Fwp%2Fv2%2Ftags&post=1633"}],"curies":[{"name":"wp","href":"https:\/\/api.w.org\/{rel}","templated":true}]}}