{"id":1653,"date":"2015-09-18T21:50:06","date_gmt":"2015-09-18T19:50:06","guid":{"rendered":"http:\/\/www.loick.de\/blog\/?p=1653"},"modified":"2015-09-18T21:50:06","modified_gmt":"2015-09-18T19:50:06","slug":"wahlniederlagenblues","status":"publish","type":"post","link":"https:\/\/www.loick.de\/blog\/?p=1653","title":{"rendered":"Wahlniederlagenblues"},"content":{"rendered":"<p>Mann, hat das weh getan! 23% bei der OB-Wahl. Und ich glaube, unser Problem ist, dass wir einfach nicht wissen, woran es liegt. Die Wahlbeteiligung bei paar&#8217;nvierzig Prozent. Bei den Freifunkern hat jemand Alarm gemacht, weil SPD und Gr\u00fcne an den Infost\u00e4nden Freifunk-WLAN f\u00fcr umme angeboten haben. Die Reaktion diese*r Freifunker*in war so \u00e4hnlich, als\u00a0w\u00e4ren politische Parteien gef\u00e4hrliche Sekten, die Kinder essen. Das frustriert.<\/p>\n<p>Aber wie kommt es dazu? Und wie kriegen wir das wieder weg? Ich hab keine Ahnung. Vielleicht m\u00fcssen wir diese T\u00fcr-zu-T\u00fcr-Geschichte eher das ganze Jahr \u00fcber machen und im Wahlkampf dann gerade nicht. Die Menschen kommen nicht zu den Parteien, ums Verrecken nicht, also m\u00fcssten die Parteien zu den Leuten gehen, immer und durchg\u00e4ngig. Aber wer soll das stemmen? Das sind alles ehrenamtliche Leute hier, die nebenbei Familien und Jobs haben, die sich in den Ratssitzungen bis 24:00 Uhr mit den Problemen der Stadt herumschlagen, die daf\u00fcr beschimpft und wie Auss\u00e4tzige behandelt werden. Die sollen jetzt zus\u00e4tzlich noch von Haus zu Haus ziehen?<\/p>\n<p>Immerhin, die Erfahrung der TzT-Aktionen in den Wahlk\u00e4mpfen zeigt, dass sich viele keineswegs bel\u00e4stigt f\u00fchlen (wie ich vor meinen ersten TzT-Erfahrungen bef\u00fcrchtet hatte), sondern sich tats\u00e4chlich freuen, dass jemand nach ihnen fragt. Da k\u00f6nnte man die Menschen kontinuierlich fragen, was ihre Probleme sind. Und ich vermute, dass die Politik, zumindest die kommunale, sich vieler dieser Probleme durchaus bereits annimmt,\u00a0ich wei\u00df es allerdings nicht. Und wenn dem so sein sollte, dann wissen es die W\u00e4hler*innen nicht.<\/p>\n<p>Die SPD Beuel macht seit Jahrtausenden jeden ersten Samstag im Monat am Beueler Rathaus einen Infostand. Es bleiben nur wenige stehen, und die, die kommen, sind oft jeden Monat dieselben.<\/p>\n<p>Einige fordern, dass wir (also die SPD) neue K\u00f6pfe brauchen, aber woher nehmen und nicht stehlen? Ich glaube, dass wir uns in unseren K\u00f6pfen erneuern m\u00fcssen. Was ist das f\u00fcr ein seltsamer Kampf, den die Bonner SPD seit eigentlich schon immer mit dem Generalanzeiger f\u00fchrt? Wo sind unsere Strategien, dieses Verh\u00e4ltnis mal zu verbessern? Wo kommen wir an die Menschen ran? M\u00fcssen wir wirklich jede*n einzelne*n aufsuchen? Was ist mit den Ecken, in die Du nicht mal mit Facebook kommst? Was tun in Tannenbusch-Mitte (Wahlbeteiligung 7,86%), an der Josefsh\u00f6he (18%) oder Neu-Tannenbusch (13%)? M\u00fcssen wir da wirklich an jeder T\u00fcr klingeln? Und vielleicht sogar noch zuh\u00f6ren? Wie soll ein*e freiwillige*r Ehrenamtliche*r damit umgehen, wenn er\/sie dort beschimpft wird? Hat man Lust, das in seiner Freizeit zu tun? Und die, die das in ihrer Freizeit trotz allem tun, sind die nicht total malle im Kopp, dass sie das in ihrer Freizeit tun? Kann man solche Irren w\u00e4hlen, diese Verwirrten, die noch l\u00e4cheln, wenn man sie beschimpft?<\/p>\n<p>Ach, lass uns doch mit diesem Politikshice endlich zufrieden, schreib was lustiges, mach wieder ein paar Reime oder so! Politik ist immer so unerfreulich! Immer geht alles nicht, immer gibt&#8217;s nur Streit und man muss jemanden doof finden und daf\u00fcr jemand anderen gut (obwohl ich den gerade mal nicht so gut finde) und immer bist Du so ernst. Sei doch wieder fr\u00f6hlich! Es war schon immer so, dass sich zu wenige f\u00fcr Politik eingesetzt haben.<\/p>\n<p>Bald. Bald bin ich wieder fr\u00f6hlich, versprochen.<\/p>\n","protected":false},"excerpt":{"rendered":"<p>Mann, hat das weh getan! 23% bei der OB-Wahl. Und ich glaube, unser Problem ist, dass wir einfach nicht wissen, woran es liegt. Die Wahlbeteiligung bei paar&#8217;nvierzig Prozent. Bei den Freifunkern hat jemand Alarm gemacht, weil SPD und Gr\u00fcne an den Infost\u00e4nden Freifunk-WLAN f\u00fcr umme angeboten haben. Die Reaktion diese*r Freifunker*in war so \u00e4hnlich, als\u00a0w\u00e4ren&hellip; <a class=\"more-link\" href=\"https:\/\/www.loick.de\/blog\/?p=1653\"><span class=\"screen-reader-text\">Wahlniederlagenblues<\/span> weiterlesen<\/a><\/p>\n","protected":false},"author":2,"featured_media":0,"comment_status":"open","ping_status":"open","sticky":false,"template":"","format":"standard","meta":{"footnotes":""},"categories":[31,57,19],"tags":[],"class_list":["post-1653","post","type-post","status-publish","format-standard","hentry","category-basisarbeit","category-bonn","category-spd","entry"],"_links":{"self":[{"href":"https:\/\/www.loick.de\/blog\/index.php?rest_route=\/wp\/v2\/posts\/1653","targetHints":{"allow":["GET"]}}],"collection":[{"href":"https:\/\/www.loick.de\/blog\/index.php?rest_route=\/wp\/v2\/posts"}],"about":[{"href":"https:\/\/www.loick.de\/blog\/index.php?rest_route=\/wp\/v2\/types\/post"}],"author":[{"embeddable":true,"href":"https:\/\/www.loick.de\/blog\/index.php?rest_route=\/wp\/v2\/users\/2"}],"replies":[{"embeddable":true,"href":"https:\/\/www.loick.de\/blog\/index.php?rest_route=%2Fwp%2Fv2%2Fcomments&post=1653"}],"version-history":[{"count":1,"href":"https:\/\/www.loick.de\/blog\/index.php?rest_route=\/wp\/v2\/posts\/1653\/revisions"}],"predecessor-version":[{"id":1654,"href":"https:\/\/www.loick.de\/blog\/index.php?rest_route=\/wp\/v2\/posts\/1653\/revisions\/1654"}],"wp:attachment":[{"href":"https:\/\/www.loick.de\/blog\/index.php?rest_route=%2Fwp%2Fv2%2Fmedia&parent=1653"}],"wp:term":[{"taxonomy":"category","embeddable":true,"href":"https:\/\/www.loick.de\/blog\/index.php?rest_route=%2Fwp%2Fv2%2Fcategories&post=1653"},{"taxonomy":"post_tag","embeddable":true,"href":"https:\/\/www.loick.de\/blog\/index.php?rest_route=%2Fwp%2Fv2%2Ftags&post=1653"}],"curies":[{"name":"wp","href":"https:\/\/api.w.org\/{rel}","templated":true}]}}