{"id":1661,"date":"2015-10-01T22:55:44","date_gmt":"2015-10-01T20:55:44","guid":{"rendered":"http:\/\/www.loick.de\/blog\/?p=1661"},"modified":"2015-10-01T22:55:44","modified_gmt":"2015-10-01T20:55:44","slug":"ak-digitale-gesellschaft-der-spd-bonn","status":"publish","type":"post","link":"https:\/\/www.loick.de\/blog\/?p=1661","title":{"rendered":"AK Digitale Gesellschaft der SPD Bonn"},"content":{"rendered":"<p>Soeben haben wir uns konstituiert, wir sind der AK Digitale Gesellschaft der SPD Bonn. Ich freue mich wirklich wirklich aufrichtig dar\u00fcber, dass die Teilnehmer*innen mich zum Vorsitzenden diese h\u00fcbschen kleinen AKs bestimmt haben, ich hoffe, dass ich das dann auch alles so gut mache, wie die Mitglieder es sich vorstellen. Meine beiden Stellvertreter sind Tobias Tenhaef und Florian Reinert, was ich deswegen super finde, weil ich damit zumindest zwei Mitstreiter habe, die die Nummer so ernst nehmen wie ich.<\/p>\n<p>Wir haben uns nach l\u00e4ngerer loriothafter Diskussion auf den Namen &#8222;AK Digitale Gesellschaft&#8220; verst\u00e4ndigt. Wir werden uns, neben dem permanenten digitalen Austausch \u00fcber mannigfache Kan\u00e4le, jeden zweiten Mittwoch im Monat um 19:00 Uhr treffen. Als Location haben wir das Rathaus Beuel ins Auge gefasst, ich werde alsbald in Erfahrung bringen, ob die da zu diesem Termin auch ein Zimmer f\u00fcr uns frei haben.<\/p>\n<p>Nach ebenfalls langer loriothafter, aber deswegen nicht minder ernstgemeinter Diskussion haben wir uns dazu durchgerungen, unsere t\u00e4gliche Kommunikation \u00fcber eine Facebook-Gruppe abzuwickeln. Ich kenne diese Diskussion aus Reihen D64 &#8211; aber die Erfahrung lehrt: Bei Facebook sind sie alle und deswegen funktioniert das da. Wo anders schl\u00e4ft der Shit zu schnell ein, daher werden wir mit Facebook starten.<\/p>\n<p>Die wichtigste Botschaft ist: Wir wollen kein reiner Sozi-Verein sein, wir laden ausdr\u00fccklich und herzlich alle ein, die sich unseren Themen und Fragestellungen verbunden f\u00fchlen! Kommt vorbei, wir lieben die Diskussion und halten es locker aus, wenn Ihr Heiko Maas und Sigmar Gabriel nur so mittel findet!<\/p>\n<p>Wer mitmachen m\u00f6chte, melde sich bei mir! Kommste gleich in die Facebookgruppe und bis dabei!<\/p>\n<p>&nbsp;<\/p>\n","protected":false},"excerpt":{"rendered":"<p>Soeben haben wir uns konstituiert, wir sind der AK Digitale Gesellschaft der SPD Bonn. Ich freue mich wirklich wirklich aufrichtig dar\u00fcber, dass die Teilnehmer*innen mich zum Vorsitzenden diese h\u00fcbschen kleinen AKs bestimmt haben, ich hoffe, dass ich das dann auch alles so gut mache, wie die Mitglieder es sich vorstellen. Meine beiden Stellvertreter sind Tobias&hellip; <a class=\"more-link\" href=\"https:\/\/www.loick.de\/blog\/?p=1661\"><span class=\"screen-reader-text\">AK Digitale Gesellschaft der SPD Bonn<\/span> weiterlesen<\/a><\/p>\n","protected":false},"author":2,"featured_media":0,"comment_status":"open","ping_status":"open","sticky":false,"template":"","format":"standard","meta":{"footnotes":""},"categories":[31,57,39,27,14,19],"tags":[],"class_list":["post-1661","post","type-post","status-publish","format-standard","hentry","category-basisarbeit","category-bonn","category-d64","category-netzpolitik","category-politik","category-spd","entry"],"_links":{"self":[{"href":"https:\/\/www.loick.de\/blog\/index.php?rest_route=\/wp\/v2\/posts\/1661","targetHints":{"allow":["GET"]}}],"collection":[{"href":"https:\/\/www.loick.de\/blog\/index.php?rest_route=\/wp\/v2\/posts"}],"about":[{"href":"https:\/\/www.loick.de\/blog\/index.php?rest_route=\/wp\/v2\/types\/post"}],"author":[{"embeddable":true,"href":"https:\/\/www.loick.de\/blog\/index.php?rest_route=\/wp\/v2\/users\/2"}],"replies":[{"embeddable":true,"href":"https:\/\/www.loick.de\/blog\/index.php?rest_route=%2Fwp%2Fv2%2Fcomments&post=1661"}],"version-history":[{"count":1,"href":"https:\/\/www.loick.de\/blog\/index.php?rest_route=\/wp\/v2\/posts\/1661\/revisions"}],"predecessor-version":[{"id":1662,"href":"https:\/\/www.loick.de\/blog\/index.php?rest_route=\/wp\/v2\/posts\/1661\/revisions\/1662"}],"wp:attachment":[{"href":"https:\/\/www.loick.de\/blog\/index.php?rest_route=%2Fwp%2Fv2%2Fmedia&parent=1661"}],"wp:term":[{"taxonomy":"category","embeddable":true,"href":"https:\/\/www.loick.de\/blog\/index.php?rest_route=%2Fwp%2Fv2%2Fcategories&post=1661"},{"taxonomy":"post_tag","embeddable":true,"href":"https:\/\/www.loick.de\/blog\/index.php?rest_route=%2Fwp%2Fv2%2Ftags&post=1661"}],"curies":[{"name":"wp","href":"https:\/\/api.w.org\/{rel}","templated":true}]}}