{"id":1892,"date":"2017-01-20T22:27:20","date_gmt":"2017-01-20T21:27:20","guid":{"rendered":"http:\/\/www.loick.de\/blog\/?p=1892"},"modified":"2017-01-20T22:27:20","modified_gmt":"2017-01-20T21:27:20","slug":"raum-und-zeit","status":"publish","type":"post","link":"https:\/\/www.loick.de\/blog\/?p=1892","title":{"rendered":"Raum und Zeit"},"content":{"rendered":"<p>Jetzt ist der Kehllappen-elect also Pr\u00e4sident der USA und just gestern oder so ist in mir eine Erkenntnis gereift, die ebenso banal wie folgereichtig erscheint: Der Tag hat 24 Stunden und wir haben nur diese eine Welt (au\u00dfer jetzt wenn wir Drogen nehmen, aber das ist ziemlich ungesund).<\/p>\n<p>Jetzt geht da einer hin und macht nichts anderes als Tabus brechen. Ein Trump oder die AfD. Bj\u00f6rn H\u00f6cke, dieser gr\u00e4\u00dfliche Mensch. Jemand auf Twitter hat geschrieben: &#8222;Die AfD h\u00e4lt das St\u00f6ckchen hin und Ihr alle springt.&#8220; (oder so \u00e4hnlich). Das ist die Erkenntnis. Sie rauben uns den Raum und die Zeit mit kalkulierten Skandal\u00e4u\u00dferungen und uns stockt der Atem, wir sind paralysiert und handlungsunf\u00e4hig.<\/p>\n<p>Wir m\u00fcssen den Raum und die Zeit zur\u00fcckgewinnen. Wir m\u00fcssen sie am langen Arm verhungern lassen, wir m\u00fcssen uns von diesen Brunnenvergifter*innen abwenden und uns zuwenden. Wir m\u00fcssen wieder \u00fcber die reden, die konstruktiv sind und \u00fcber deren Vorschl\u00e4ge. Dann legt sich auch die Aufregung. Wir sollten uns mit unseresgleichen \u00fcber unseresgleichen unterhalten, mit und \u00fcber die, die 2015 Fl\u00fcchtlingsz\u00fcge zu Trains of Hope gemacht haben, \u00fcber die, die Elterngeld Plus eingef\u00fchrt haben, \u00fcber die, die sagen &#8222;Freiheit und Leben kann man uns nehmen, die Ehre nicht.&#8220; Wir sollten unsere erstarrt aufgerissenen M\u00fcnder wieder schlie\u00dfen und unsere wachen Augen \u00f6ffnen f\u00fcr die, die konstruktiv sind. Denen sollten wir Raum und Zeit geben (yes, (Social)Media, I&#8217;m talking to you!).<\/p>\n<p>Nein, es ist kein totschweigen. Nach wenigen \u00c4u\u00dferungen war und ist klar, wes Geistes Kind Trump und die AfD sind. Das m\u00fcssen wir konstatieren und benennen und wir m\u00fcssen ihnen den Raum und die Zeit zugestehen, die ihnen geb\u00fchrt. Und wir d\u00fcrfen nicht jene der Zeit und des Raumes berauben, die dieser Zeit und dieses Raumes w\u00fcrdig sind, z. B. all jene Unerm\u00fcdlichen, die sich als Lokalpolitiker*innen f\u00fcr nichts, nada und nothing die N\u00e4chte in Stadtratssitzungen um die Ohren schlagen, f\u00fcr die vielen in den Landesparlamenten, die sich bis zum Erbrechen mit Themen auseinandergesetzt haben, die mit\u00a0einer schmissig\u00a0gef\u00fchrten Feder als nichtig diskreditiert werden, f\u00fcr die vielen, die sich dieser Tage auf den Stra\u00dfen\u00a0als Volksverr\u00e4ter*innen beschimpfen lassen m\u00fcssen aber in Wahrheit unser letztes Bollwerk gegen die v\u00f6llige Verrohung und Dekonstruktion unseres Zusammenlebens bilden.<\/p>\n<p>Wir sollten die Kameras neu ausrichten, weg von den T\u00e4ter*innen, hin zu denen, die verzweifelt die Gesellschaft zusammenhalten: yes, I&#8217;m talking about politicians, my dear! Gebt denen Raum und Zeit, schenkt denen Eure Aufmerksamkeit, die konstruktiv sind. Lasst die Destruktiven alleine. &#8222;Talk to the hand&#8220;, hat der gro\u00dfe Charakterdarsteller Arnold Schwarzenegger in einer der zahlreichen nachdenklichen Szene seines volksnahen \u0152vres mal gesagt.<\/p>\n<p>Wenn das Bundesverfassungsgericht der NPD nachweist, dass sie demokratiezersetzend wirken m\u00f6chte, aber dazu\u00a0zu unbedeutend ist, dann sollten wir diesem Prinzip folgen.<\/p>\n","protected":false},"excerpt":{"rendered":"<p>Jetzt ist der Kehllappen-elect also Pr\u00e4sident der USA und just gestern oder so ist in mir eine Erkenntnis gereift, die ebenso banal wie folgereichtig erscheint: Der Tag hat 24 Stunden und wir haben nur diese eine Welt (au\u00dfer jetzt wenn wir Drogen nehmen, aber das ist ziemlich ungesund). Jetzt geht da einer hin und macht&hellip; <a class=\"more-link\" href=\"https:\/\/www.loick.de\/blog\/?p=1892\"><span class=\"screen-reader-text\">Raum und Zeit<\/span> weiterlesen<\/a><\/p>\n","protected":false},"author":2,"featured_media":0,"comment_status":"open","ping_status":"open","sticky":false,"template":"","format":"standard","meta":{"footnotes":""},"categories":[31,51,55,40,48,14,18],"tags":[],"class_list":["post-1892","post","type-post","status-publish","format-standard","hentry","category-basisarbeit","category-haltung","category-medien","category-medienkompetenz","category-nazis","category-politik","category-social-media","entry"],"_links":{"self":[{"href":"https:\/\/www.loick.de\/blog\/index.php?rest_route=\/wp\/v2\/posts\/1892","targetHints":{"allow":["GET"]}}],"collection":[{"href":"https:\/\/www.loick.de\/blog\/index.php?rest_route=\/wp\/v2\/posts"}],"about":[{"href":"https:\/\/www.loick.de\/blog\/index.php?rest_route=\/wp\/v2\/types\/post"}],"author":[{"embeddable":true,"href":"https:\/\/www.loick.de\/blog\/index.php?rest_route=\/wp\/v2\/users\/2"}],"replies":[{"embeddable":true,"href":"https:\/\/www.loick.de\/blog\/index.php?rest_route=%2Fwp%2Fv2%2Fcomments&post=1892"}],"version-history":[{"count":1,"href":"https:\/\/www.loick.de\/blog\/index.php?rest_route=\/wp\/v2\/posts\/1892\/revisions"}],"predecessor-version":[{"id":1893,"href":"https:\/\/www.loick.de\/blog\/index.php?rest_route=\/wp\/v2\/posts\/1892\/revisions\/1893"}],"wp:attachment":[{"href":"https:\/\/www.loick.de\/blog\/index.php?rest_route=%2Fwp%2Fv2%2Fmedia&parent=1892"}],"wp:term":[{"taxonomy":"category","embeddable":true,"href":"https:\/\/www.loick.de\/blog\/index.php?rest_route=%2Fwp%2Fv2%2Fcategories&post=1892"},{"taxonomy":"post_tag","embeddable":true,"href":"https:\/\/www.loick.de\/blog\/index.php?rest_route=%2Fwp%2Fv2%2Ftags&post=1892"}],"curies":[{"name":"wp","href":"https:\/\/api.w.org\/{rel}","templated":true}]}}