{"id":1984,"date":"2017-09-18T08:51:42","date_gmt":"2017-09-18T06:51:42","guid":{"rendered":"http:\/\/www.loick.de\/blog\/?p=1984"},"modified":"2017-09-18T08:55:26","modified_gmt":"2017-09-18T06:55:26","slug":"entscheidend-ist-aufm-platz","status":"publish","type":"post","link":"https:\/\/www.loick.de\/blog\/?p=1984","title":{"rendered":"Entscheidend ist auf&#8217;m Platz"},"content":{"rendered":"<figure id=\"attachment_1986\" aria-describedby=\"caption-attachment-1986\" style=\"width: 281px\" class=\"wp-caption alignleft\"><img loading=\"lazy\" decoding=\"async\" class=\"size-medium wp-image-1986\" src=\"http:\/\/www.loick.de\/blog\/wp-content\/uploads\/2017\/09\/449px-Martin_Schulz_Wahlkampfauftritt_in_Mu\u0308nster_2017_Bild_1_Ausschnitt-281x300.jpg\" alt=\"\" width=\"281\" height=\"300\" srcset=\"https:\/\/www.loick.de\/blog\/wp-content\/uploads\/2017\/09\/449px-Martin_Schulz_Wahlkampfauftritt_in_Mu\u0308nster_2017_Bild_1_Ausschnitt-281x300.jpg 281w, https:\/\/www.loick.de\/blog\/wp-content\/uploads\/2017\/09\/449px-Martin_Schulz_Wahlkampfauftritt_in_Mu\u0308nster_2017_Bild_1_Ausschnitt-374x400.jpg 374w, https:\/\/www.loick.de\/blog\/wp-content\/uploads\/2017\/09\/449px-Martin_Schulz_Wahlkampfauftritt_in_Mu\u0308nster_2017_Bild_1_Ausschnitt.jpg 449w\" sizes=\"auto, (max-width: 281px) 100vw, 281px\" \/><figcaption id=\"caption-attachment-1986\" class=\"wp-caption-text\">Von <a href=\"https:\/\/commons.wikimedia.org\/w\/index.php?curid=62265786\">Christallkeks &#8211; Eigenes Werk<\/a>, CC-BY-SA 4.0<\/figcaption><\/figure>\n<p>Machen wir uns nichts vor, die Faschos von der AfD werden am Sonntag in den Bundestag einziehen &#8211; und dort werden sie dann herumst\u00e4nkern und versuchen, Unglaubliches und Monstrosit\u00e4ten zur Normalit\u00e4t werden zu lassen. Und wer wird sich denen im Parlament entgegenstellen?<\/p>\n<p>Angela Merkel? Die sich nicht mal in ein zweites TV-Duell traut? Die Hoschis von CDU\/CSU, die schon im Vorfeld weite Teile der Sprache jener Faschos zu \u00fcbernehmen? Die auf europ\u00e4ischer Ebene \u00fcberhaupt kein Problem darin sehen, mit Victor Orban und anderen rechten S\u00e4cken gem\u00fctlich in einer Fraktion zu sitzen? Die nach der Wahl von Donald Trump erstmal abwarten. Und bis heute erstmal abwarten.<\/p>\n<p>Die FPD, denen eh alles egal ist, Hauptsache ihre zahlungskr\u00e4ftige Klientel wird in Ruhe gelassen? Die auch vorsorglich schon mal von ihrer Schaufensterpuppe so einen Unsinn vormodeln lassen wie &#8222;es gibt kein Recht, sich seinen Standort auf der Welt selbst auszusuchen&#8220;?<\/p>\n<p>Die Linke, die sich lieber an der SPD abarbeitet, weil ihnen der Nagellack von Martin Schulz nicht gef\u00e4llt? Die sich in theoretischer Superschlauness \u00fcben, aber in ihrem ganzen Leben noch nichts z\u00e4hlbares umgesetzt haben?<\/p>\n<p>Es waren Sozis, die 1933 gegen das Erm\u00e4chtigungsgesetz gestimmt haben, es sind Sozis, die auch heute von Anfang an unmissverst\u00e4ndlich gegen rechte und nationalistische Tendenzen eintreten. Das Video, in dem Martin Schulz zeigt, wie man mit rechten Hetzern umgehen muss, habt Ihr ja sicher alle zur Gen\u00fcge gesehen, hier ist es trotzdem noch einmal:<\/p>\n<p><iframe loading=\"lazy\" title=\"Rassismus im EU-Parlament: Martin Schulz wirft Abgeordneten aus Plenarsaal\" width=\"750\" height=\"422\" src=\"https:\/\/www.youtube.com\/embed\/kO4-RYvb9Uw?feature=oembed\" frameborder=\"0\" allow=\"accelerometer; autoplay; clipboard-write; encrypted-media; gyroscope; picture-in-picture\" allowfullscreen><\/iframe><\/p>\n<p>Ich m\u00f6chte einen Kanzler mit Haltung, der bereit ist zu handeln. Entscheidend ist auf&#8217;m Platz &#8211; also im Bundestag. Und erstens hat die SPD in der zur\u00fcckliegenden Legislatur schon geliefert wie keine andere Partei, hat zweitens den Laden durch besonnenes Handeln zusammengehalten und wird drittens die einzige sein, die wei\u00df, wie mit den Faschos umzugehen sein wird. Ich m\u00f6chte, dass Sozis mit genug Stimmen im Parlament vertreten sind, dass sie sich nicht in Lebensgefahr begeben m\u00fcssen, wenn sie gegen ein Erm\u00e4chtigungsgesetz stimmen, sondern einfach die Mehrheit bilden und solchen Ansinnen eine klare Abfuhr erteilen.<\/p>\n<p>Alarmistisch? Finde ich nicht. Jetzt geht&#8217;s noch, dass wir das mit den verfassungsm\u00e4\u00dfig vorgesehenen Instrumenten hinkriegen. Jetzt. Ab Sonntag geht&#8217;s los, diese st\u00e4rker verteidigen zu m\u00fcssen denn je seit 1945.<\/p>\n","protected":false},"excerpt":{"rendered":"<p>Machen wir uns nichts vor, die Faschos von der AfD werden am Sonntag in den Bundestag einziehen &#8211; und dort werden sie dann herumst\u00e4nkern und versuchen, Unglaubliches und Monstrosit\u00e4ten zur Normalit\u00e4t werden zu lassen. Und wer wird sich denen im Parlament entgegenstellen? Angela Merkel? Die sich nicht mal in ein zweites TV-Duell traut? Die Hoschis&hellip; <a class=\"more-link\" href=\"https:\/\/www.loick.de\/blog\/?p=1984\"><span class=\"screen-reader-text\">Entscheidend ist auf&#8217;m Platz<\/span> weiterlesen<\/a><\/p>\n","protected":false},"author":2,"featured_media":0,"comment_status":"open","ping_status":"open","sticky":false,"template":"","format":"standard","meta":{"footnotes":""},"categories":[54,37,51,48,14,19],"tags":[],"class_list":["post-1984","post","type-post","status-publish","format-standard","hentry","category-deutschland","category-europa","category-haltung","category-nazis","category-politik","category-spd","entry"],"_links":{"self":[{"href":"https:\/\/www.loick.de\/blog\/index.php?rest_route=\/wp\/v2\/posts\/1984","targetHints":{"allow":["GET"]}}],"collection":[{"href":"https:\/\/www.loick.de\/blog\/index.php?rest_route=\/wp\/v2\/posts"}],"about":[{"href":"https:\/\/www.loick.de\/blog\/index.php?rest_route=\/wp\/v2\/types\/post"}],"author":[{"embeddable":true,"href":"https:\/\/www.loick.de\/blog\/index.php?rest_route=\/wp\/v2\/users\/2"}],"replies":[{"embeddable":true,"href":"https:\/\/www.loick.de\/blog\/index.php?rest_route=%2Fwp%2Fv2%2Fcomments&post=1984"}],"version-history":[{"count":3,"href":"https:\/\/www.loick.de\/blog\/index.php?rest_route=\/wp\/v2\/posts\/1984\/revisions"}],"predecessor-version":[{"id":1988,"href":"https:\/\/www.loick.de\/blog\/index.php?rest_route=\/wp\/v2\/posts\/1984\/revisions\/1988"}],"wp:attachment":[{"href":"https:\/\/www.loick.de\/blog\/index.php?rest_route=%2Fwp%2Fv2%2Fmedia&parent=1984"}],"wp:term":[{"taxonomy":"category","embeddable":true,"href":"https:\/\/www.loick.de\/blog\/index.php?rest_route=%2Fwp%2Fv2%2Fcategories&post=1984"},{"taxonomy":"post_tag","embeddable":true,"href":"https:\/\/www.loick.de\/blog\/index.php?rest_route=%2Fwp%2Fv2%2Ftags&post=1984"}],"curies":[{"name":"wp","href":"https:\/\/api.w.org\/{rel}","templated":true}]}}