{"id":2232,"date":"2022-07-09T22:21:14","date_gmt":"2022-07-09T20:21:14","guid":{"rendered":"https:\/\/www.loick.de\/blog\/?p=2232"},"modified":"2022-07-09T22:21:14","modified_gmt":"2022-07-09T20:21:14","slug":"das-fraeulein-peters-kann-melken","status":"publish","type":"post","link":"https:\/\/www.loick.de\/blog\/?p=2232","title":{"rendered":"Das Fr\u00e4ulein Peters kann melken"},"content":{"rendered":"<p>Neunter Juli, es ist mal wieder soweit: Ich bin mit der #Pollykowskaja gerade die letzte Runde gegangen, vorbei an einem gelben Weizenfeld und der Wind stand so, dass mir der Geruch des reifen Korns in die Nase gestiegen ist und mich flugs in meine Kindheit zur\u00fcckversetzt hat.<\/p>\n<p>Just diese Woche war ich gleich zweimal in #Rhade, dort wo ich Kind war, um meine Mutter zu besuchen. Als wir zusammen zwischen Rhade, Marbeck, Heiden und Borken mit dem Auto zwischen den Feldern durchfahren, und wie ich so ob des auch dort vorherrschenden Geruchs von reifem, trockenem Korn gedanklich wegzudriften drohe, sagt meine Mutter: &#8222;Das sieht nach Noternte aus, die haben wirklich fr\u00fch gem\u00e4ht. Da wird die Ernte wohl schei\u00dfe ausfallen dieses Jahr. Wahrscheinlich zu trocken.&#8220; Ich denke: Ich hab Dich immer nur als die Lehrerin an der Grundschule gesehen, und Du h\u00e4ttest es Dir wohl verbeten, wenn ich Dich je als Landfrau tituliert h\u00e4tte. Aber als sie diese zwei S\u00e4tze sagt, f\u00e4llt mir auf, dass sie Ahnung und Erfahrung mit diesen Dingen hat.<\/p>\n<p>Sp\u00e4ter, abends beim Grillen, erz\u00e4hlt sie, wie sie, als sie in den 1960er Jahren aus der Stadt mit rot gef\u00e4rbten Haaren nach Rhade kam, meinen Vater damit beeindruckt hat, dass sie K\u00fche melken konnte (und wahrscheinlich immer noch k\u00f6nnte). Er habe auf einer Feier oder sowas irgendwie \u00fcber das Melken gesprochen und meine Mutter mit den rot gef\u00e4rbten Haaren habe (das ist ihre Version) gesagt: &#8222;Das bisschen melken, was regen Sie sich auf? Das kann ich auch.&#8220; Und sie erz\u00e4hlt dazu, dass sie, nachdem sie von Marienburg nach Holstein wegen des elenden Krieges geflohen waren, in ihrer Kindheit auf dem Hof in Holstein das Melken gelernt habe. &#8222;Ich konnte das nat\u00fcrlich!&#8220;, sagt sie. Und mein Vater habe ihr nicht geglaubt und das f\u00fcr Koketterie gehalten. Und ich wei\u00df nicht, anscheinend wurde Koketterie in den 1960er Jahren auf dem westf\u00e4lischen Land f\u00fcr eine Sache gehalten, der man auf den Grund gehen muss, jedenfalls erz\u00e4hlt meine Mutter, dass sie es ihm zeigen musste. Sie ist zwischen die K\u00fche gegangen, mit Melkschemel und Eimer, und hatte schon die Stirn in die Flanke der Kuh gedr\u00fcckt, da soll mein Vater gesagt haben: &#8222;Ist schon gut. Ich sehe, wie Sie mit den K\u00fchen umgehen, ich sehe, dass Sie melken k\u00f6nnen.&#8220;<\/p>\n<p>Sie haben sich gesiezt! Wie in Downton Abbey oder sowas, wie in einer Zeit weit vor der unseren. Und ich hatte die Geschichte noch nie geh\u00f6rt, obwohl meine Mutter inzwischen \u00fcber achtzig ist und eher dazu neigt, jede Geschichte vier bis f\u00fcnfmal zu erz\u00e4hlen. Naja. Aber wenn das Korn reif ist und nach Rhade riecht, dann mag ich solche Geschichten gern aufschreiben.<\/p>\n","protected":false},"excerpt":{"rendered":"<p>Neunter Juli, es ist mal wieder soweit: Ich bin mit der #Pollykowskaja gerade die letzte Runde gegangen, vorbei an einem gelben Weizenfeld und der Wind stand so, dass mir der Geruch des reifen Korns in die Nase gestiegen ist und mich flugs in meine Kindheit zur\u00fcckversetzt hat. Just diese Woche war ich gleich zweimal in&hellip; <a class=\"more-link\" href=\"https:\/\/www.loick.de\/blog\/?p=2232\"><span class=\"screen-reader-text\">Das Fr\u00e4ulein Peters kann melken<\/span> weiterlesen<\/a><\/p>\n","protected":false},"author":2,"featured_media":0,"comment_status":"open","ping_status":"open","sticky":false,"template":"","format":"standard","meta":{"footnotes":""},"categories":[24,52],"tags":[],"class_list":["post-2232","post","type-post","status-publish","format-standard","hentry","category-feminismus","category-rhade","entry"],"_links":{"self":[{"href":"https:\/\/www.loick.de\/blog\/index.php?rest_route=\/wp\/v2\/posts\/2232","targetHints":{"allow":["GET"]}}],"collection":[{"href":"https:\/\/www.loick.de\/blog\/index.php?rest_route=\/wp\/v2\/posts"}],"about":[{"href":"https:\/\/www.loick.de\/blog\/index.php?rest_route=\/wp\/v2\/types\/post"}],"author":[{"embeddable":true,"href":"https:\/\/www.loick.de\/blog\/index.php?rest_route=\/wp\/v2\/users\/2"}],"replies":[{"embeddable":true,"href":"https:\/\/www.loick.de\/blog\/index.php?rest_route=%2Fwp%2Fv2%2Fcomments&post=2232"}],"version-history":[{"count":1,"href":"https:\/\/www.loick.de\/blog\/index.php?rest_route=\/wp\/v2\/posts\/2232\/revisions"}],"predecessor-version":[{"id":2233,"href":"https:\/\/www.loick.de\/blog\/index.php?rest_route=\/wp\/v2\/posts\/2232\/revisions\/2233"}],"wp:attachment":[{"href":"https:\/\/www.loick.de\/blog\/index.php?rest_route=%2Fwp%2Fv2%2Fmedia&parent=2232"}],"wp:term":[{"taxonomy":"category","embeddable":true,"href":"https:\/\/www.loick.de\/blog\/index.php?rest_route=%2Fwp%2Fv2%2Fcategories&post=2232"},{"taxonomy":"post_tag","embeddable":true,"href":"https:\/\/www.loick.de\/blog\/index.php?rest_route=%2Fwp%2Fv2%2Ftags&post=2232"}],"curies":[{"name":"wp","href":"https:\/\/api.w.org\/{rel}","templated":true}]}}