{"id":340,"date":"2011-11-17T23:59:54","date_gmt":"2011-11-17T22:59:54","guid":{"rendered":"http:\/\/www.loick.de\/blog\/?p=340"},"modified":"2012-10-11T09:21:42","modified_gmt":"2012-10-11T07:21:42","slug":"ein-paar-satze-zum-fachgesprach-wie-sozial-ist-okologische-nachhaltigkeit-der-spd-am-15-11-2011-in-bonn","status":"publish","type":"post","link":"https:\/\/www.loick.de\/blog\/?p=340","title":{"rendered":"Ein paar S\u00e4tze zum Fachgespr\u00e4ch &#8222;Wie sozial ist \u00f6kologische Nachhaltigkeit?&#8220; der SPD am 15.11.2011 in Bonn"},"content":{"rendered":"<p>Am Dienstag, dem 15. November 2011 habe ich ein Gespr\u00e4ch der SPD zum Thema &#8222;Wie sozial ist \u00f6kologische Nachhaltigkeit?&#8220; besucht, auf dem Podium sa\u00dfen und sprachen<\/p>\n<ul>\n<li>Ulrich Kelber,\u00a0stellv. Vorsitzender der SPD-Bundestagsfraktion f\u00fcr Klima &amp; Energie<\/li>\n<li>Bernd Schleich,\u00a0Leiter Bereich Deutschland GIZ<\/li>\n<li>Renate Hendricks,\u00a0stellv. Vorsitzende der SPD-Landtagsfraktion NRW<\/li>\n<li>Jens Martens,\u00a0Gesch\u00e4ftsf\u00fchrer Global Policy Forum Europe<\/li>\n<\/ul>\n<p><span>Eigentlich h\u00e4tte ich es ja durchaus erwarten m\u00fcssen, dass unter dem Titel &#8222;Wie sozial ist \u00f6kologische Nachhaltigkeit?&#8220; haupts\u00e4chlich &#8222;klassische&#8220; Nachhaltigkeits- und entwicklungspolitische Themen zur Sprache kommen, jedoch hinterlie\u00df mich die Veranstaltung mit einer gewissen Unzufriedenheit. Trotz der Hinweise von Renate Hendricks auf die wichtige Rolle der Bildung hier bei uns zur F\u00f6rderung eines Bewusstseins ob der ungleichen Verteilung von Nahrungsmitteln, Wasser, Energieverbrauch und wirtschaftlicher Bedeutung und trotz der Ermahnungen von Jens Martens dazu, dass das althergebrachte Konzept der &#8222;Entwicklungshilfe&#8220; nicht nur \u00fcberholt, sondern auch weitgehend gescheitert ist, konzentrierte sich das Gespr\u00e4ch f\u00fcr meinen Geschmack weiterhin zu sehr auf &#8222;die L\u00e4nder des S\u00fcdens&#8220; und was man &#8222;dort&#8220; so alles tut und tun m\u00fcsste und wie das Engagement der Friedrich Ebert Stiftung in Nordafrika denn nun zu bewerten sei.<\/span><\/p>\n<p><span>Ausgehend von der Forderung Jean Zieglers (guckstu bei Jean Ziegler: &#8222;Der Hass auf den Westen&#8220;), dem &#8222;S\u00fcden&#8220; endlich auf Augenh\u00f6he zu begegnen und diese L\u00e4nder mit ihren Bev\u00f6lkerungen auf diplomatischer und wirtschaftlicher Ebene endlich einmal ernst zu nehmen, fehlt mir bei all diesen sch\u00f6nen Ideen und Ans\u00e4tzen immer noch, dass wir uns in den Industrienationen vor allem als Teil eines Gesamtsystems verstehen m\u00fcssen, dass dieses Gesamtsystem ziemlich Schlagseite hat und dass der Grund f\u00fcr diese Schieflage zu weiten Teilen im Lebensstil der Industrienationen zu finden sein d\u00fcrfte.<\/span><\/p>\n<p><span>Der unreflektierte Lebensstil in den Industrienationen hat m. E. zwei schwerwiegende Aspekte:<\/span><\/p>\n<p><span>Erstens entstehen viele der Probleme erst durch das falsche Verhalten der Menschen in den Industrienationen: Wir verbrauchen all das sch\u00f6ne Erd\u00f6l, um damit \u00fcber die Autobahn zu pesen, wir verbrauchen Unmengen Wasser f\u00fcr alles m\u00f6gliche, wir lassen Lebensmittel in ungeahnten Mengen erzeugen, von denen zeimlich viele bereits auf dem M\u00fcll landen, bevor sie \u00fcberhaupt einen Haushalt erreicht haben (und wenn sie dann am Ende doch dort angekommen sind, schmei\u00dfen wir nochmal einen nicht unerheblichen Teil ungegessen und ungenutzt weg), wir produzieren Unmengen von Fleisch, damit dieses statt 25 Euro das Kilo nur f\u00fcnf Euro kostet etc. pp. und die ganze Leier von der Verschwendung der Ressourcen.<\/span><\/p>\n<p><span>Zweitens haben wir dadurch ein Glaubw\u00fcrdigkeitsproblem. Wie soll uns denn ein Schwellenland oder ein Entwicklungsland abnehmen, dass wir ihnen die Rettung und L\u00f6sung all ihrer Probleme bringen, wenn wir uns so verhalten? Da muss ich gestehen, da glaube ich uns selbst ja kein Wort und die letzten Klimagipfelergebnisse zeigen ja auch deutlich, dass weder wir selbst noch die Schwellen- und Entwicklungsl\u00e4nder uns auch nur f\u00fcr einen Pfennig \u00fcber den Weg trauen. Aus berechtigten Gr\u00fcnden.<\/span><span style=\"font-size: small;\"><span class=\"Apple-style-span\" style=\"line-height: 24px;\"><br \/>\n<\/span><\/span><\/p>\n<p><span>Was gedenkt der sch\u00f6ne Herr Pausanias (also ich) denn nun von seinen sozialdemokratischen Genossen zu fordern? Einerseits denke ich: Ja, geht dahin, geht nach Zentralafrika und guckt Euch alles ganz genau an und lindert was zu lindern ist, ich will auf keinen Fall, dass die sowieso schon stiefm\u00fctterlich behandelte Entwicklungspolitik noch weiter an Bedeutung verliert und die Budgets noch kleiner werden.<\/span><span style=\"font-size: small;\"><span class=\"Apple-style-span\" style=\"line-height: 24px;\"><br \/>\n<\/span><\/span><span>Andererseits denke ich, dass sozialdemokratische Politik sich daf\u00fcr einsetzen muss, dass wir uns hier zu Hause erstmal richtig verhalten. Zu Recht wurde die derzeitige Politik der uns\u00e4glichsten Fehlbesetzung eines Ministerpostens seit&#8230; achwas seit! Herr Niebel setzt eine neue Baseline f\u00fcr Fehlbesetzungen von Minister\u00e4mtern! &#8211; als &#8222;Projektitis&#8220; gegei\u00dfelt, aber f\u00fcr meinen Geschmack hebt sich das, was mir an diesem Abend vermittelt wurde, nicht deutlich genug davon ab.\u00a0<\/span><\/p>\n<p><span>Ich finde Gespr\u00e4che und Podiumsdiskussionen \u00fcber Nachhaltigkeit immer dann besonders kraftvoll, wenn systemisch und ganzheitlich gezeigt wird, was besser gemacht werden kann. Dieser systemische\/ganzheitliche Blick hat mir gefehlt an diesem Abend, ich habe in erster Linie nur Projekte wahrgenommen und Sachen, die sich als Engagement vor Ort bezeichnen lassen.<\/span><\/p>\n<p>Ich h\u00e4tte gern viel unmittelbarer auf das hier bezogene Fragen gestellt gehabt, z. B. wie man es schafft, dass Nahrungsmittel bei uns einen Preis haben, den sie haben m\u00fcssen, wenn man sie nachhaltig und fair produziert? Und wie etabliert man diese Preise in unserer Gesellschaft? Wie schafft man es, dass man dabei die sozial und wirtschaftlich Benachteiligten nicht ausgrenzt? Wie kriegen wir es in unsere K\u00f6pfe, dass nicht 263PS einen langen Schwanz bedeuten, sondern ein m\u00f6glichst kleiner pers\u00f6nlicher Carbon Footprint? Wie kriegen wir es hin, dass die Leute sich nicht mehr gro\u00dfe Teile ihrer Geh\u00e4lter in Form von \u00fcberdimensionierten Dienstwagen auszahlen lassen, sondern sich ihr Geld aush\u00e4ndigen lassen und damit die Preise f\u00fcr nachhaltige Nahrungsmittel bezahlen? Wie kommen wir von diesem immer etwas sauert\u00f6pfischen und wie spa\u00dfbefreit daherkommenden Image weg, das nachhaltigem Verhalten immer noch anhaftet?<\/p>\n","protected":false},"excerpt":{"rendered":"<p>Am Dienstag, dem 15. November 2011 habe ich ein Gespr\u00e4ch der SPD zum Thema &#8222;Wie sozial ist \u00f6kologische Nachhaltigkeit?&#8220; besucht, auf dem Podium sa\u00dfen und sprachen Ulrich Kelber,\u00a0stellv. Vorsitzender der SPD-Bundestagsfraktion f\u00fcr Klima &amp; Energie Bernd Schleich,\u00a0Leiter Bereich Deutschland GIZ Renate Hendricks,\u00a0stellv. Vorsitzende der SPD-Landtagsfraktion NRW Jens Martens,\u00a0Gesch\u00e4ftsf\u00fchrer Global Policy Forum Europe Eigentlich h\u00e4tte ich&hellip; <a class=\"more-link\" href=\"https:\/\/www.loick.de\/blog\/?p=340\"><span class=\"screen-reader-text\">Ein paar S\u00e4tze zum Fachgespr\u00e4ch &#8222;Wie sozial ist \u00f6kologische Nachhaltigkeit?&#8220; der SPD am 15.11.2011 in Bonn<\/span> weiterlesen<\/a><\/p>\n","protected":false},"author":2,"featured_media":0,"comment_status":"closed","ping_status":"open","sticky":false,"template":"","format":"standard","meta":{"footnotes":""},"categories":[9,14],"tags":[],"class_list":["post-340","post","type-post","status-publish","format-standard","hentry","category-biofleisch-challenge","category-politik","entry"],"_links":{"self":[{"href":"https:\/\/www.loick.de\/blog\/index.php?rest_route=\/wp\/v2\/posts\/340","targetHints":{"allow":["GET"]}}],"collection":[{"href":"https:\/\/www.loick.de\/blog\/index.php?rest_route=\/wp\/v2\/posts"}],"about":[{"href":"https:\/\/www.loick.de\/blog\/index.php?rest_route=\/wp\/v2\/types\/post"}],"author":[{"embeddable":true,"href":"https:\/\/www.loick.de\/blog\/index.php?rest_route=\/wp\/v2\/users\/2"}],"replies":[{"embeddable":true,"href":"https:\/\/www.loick.de\/blog\/index.php?rest_route=%2Fwp%2Fv2%2Fcomments&post=340"}],"version-history":[{"count":5,"href":"https:\/\/www.loick.de\/blog\/index.php?rest_route=\/wp\/v2\/posts\/340\/revisions"}],"predecessor-version":[{"id":672,"href":"https:\/\/www.loick.de\/blog\/index.php?rest_route=\/wp\/v2\/posts\/340\/revisions\/672"}],"wp:attachment":[{"href":"https:\/\/www.loick.de\/blog\/index.php?rest_route=%2Fwp%2Fv2%2Fmedia&parent=340"}],"wp:term":[{"taxonomy":"category","embeddable":true,"href":"https:\/\/www.loick.de\/blog\/index.php?rest_route=%2Fwp%2Fv2%2Fcategories&post=340"},{"taxonomy":"post_tag","embeddable":true,"href":"https:\/\/www.loick.de\/blog\/index.php?rest_route=%2Fwp%2Fv2%2Ftags&post=340"}],"curies":[{"name":"wp","href":"https:\/\/api.w.org\/{rel}","templated":true}]}}