{"id":346,"date":"2011-11-24T22:10:21","date_gmt":"2011-11-24T21:10:21","guid":{"rendered":"http:\/\/www.loick.de\/blog\/?p=346"},"modified":"2012-10-11T09:21:33","modified_gmt":"2012-10-11T07:21:33","slug":"der-mercedes-ist-weg","status":"publish","type":"post","link":"https:\/\/www.loick.de\/blog\/?p=346","title":{"rendered":"Der Mercedes ist weg"},"content":{"rendered":"<p><a href=\"http:\/\/www.loick.de\/blog\/?attachment_id=350\" rel=\"attachment wp-att-350\"><img loading=\"lazy\" decoding=\"async\" class=\"size-full wp-image-350 alignleft\" title=\"Mein alter Mercedes 230CE\" src=\"http:\/\/www.loick.de\/blog\/wp-content\/uploads\/2011\/11\/M\u00e4x-21.jpg\" alt=\"\" width=\"288\" height=\"352\" srcset=\"https:\/\/www.loick.de\/blog\/wp-content\/uploads\/2011\/11\/M\u00e4x-21.jpg 288w, https:\/\/www.loick.de\/blog\/wp-content\/uploads\/2011\/11\/M\u00e4x-21-245x300.jpg 245w\" sizes=\"auto, (max-width: 288px) 100vw, 288px\" \/><\/a>Heute habe ich meinen sch\u00f6nen alten Mercedes (C123 &#8211; 230CE, silberdistel mit gr\u00fcnem Velours, hier links in einem Bild aus besseren Tagen, aber mit schlechterer Kamera, mit altem Recklingh\u00e4user Kennzeichen) einem dieser Typen \u00fcberlassen, die einem diese &#8222;Kaufe jede Schrottkarre&#8220;-Karten an die Scheibe heften. War zu kaputt, der Wagen. Rost allenthalben, das Automatikgetriebe ruckelte heftig unter Volllast, f\u00fcr eine neuerliche T\u00dcV-Plakette h\u00e4tte ich nochmal mindestens zw\u00f6lfhundert Euro investieren m\u00fcssen.<\/p>\n<p>Ich h\u00e4tte nicht gedacht, dass einen beim Verkauf eines Autos pl\u00f6tzlich ganz viele Erinnerungen heimsuchen, so wurde ich v\u00f6llig \u00fcberraschend doch ein wenig wehm\u00fctig, als ich mit einer Hand voll F\u00fcnfzig-Euro-Scheinen wieder zur\u00fcck ins B\u00fcro fuhr.<\/p>\n<p>Was mich da erwischte, waren Bilder von der Cote d&#8217;Azur und aus den mediterranen Alpen, wohin @frau_ratte und ich in diesem Wagen vor ein paar Jahren gefahren waren; das kleine Gef\u00fchl, als ich kurz nach Erwerb des Wagens in der Abendd\u00e4mmerung hinter dem Stern her erstmals \u00fcber die Bonner Nordbr\u00fccke fuhr; das Einladen von vierhundert Einkaufst\u00fcten in den riesigen Kofferraum; @frau_ratte&#8217;s &#8222;Hier einzusteigen ist immer Urlaub&#8220; erst k\u00fcrzlich noch.<\/p>\n<p>Dieses Angesprungenwerden von Sentimentalit\u00e4ten erwischte mich unvorbereitet. Der Wagen musste einfach weg, zu kaputt, zu hoher Verbrauch, Kn\u00f6llchengefahr ohne g\u00fcltige T\u00dcV-Plakette im \u00f6ffentlichen Raum. Und noch etwas spielte eine gewichtige Rolle: Da kauft der @Pausanias nur noch Biofleisch. Da tritt er in die SPD ein mit keinem geringeren Anspruch, als die Welt zu verbessern. Da krakeelt er nach Nachhaltigkeit und korrektem Verhalten. Und bl\u00e4st alle 100 Kilometer f\u00fcnfzehn Liter allerfeinstes Erd\u00f6lderivat in die Atmosph\u00e4re. Das geht nicht. Auch nicht f\u00fcr gr\u00fcnes Velours und silberdistel metallic. Ausserdem war der Stern ab.<\/p>\n<p>Einer meiner Lieblingstwitterer, @pramesan, hat mich direkt gefragt, was ich denn als Ersatz anschaffen w\u00fcrde. Nichts. Ein Jobticket. Es ist mir durchaus ernst mit dem Statussymbol &#8222;Low Carbon Footprint&#8220;. Und wie @frau_ratte und ich den Autoeinsatz reduziert haben in unserem Alltag, das macht mich wirklich froh und das ist ein kleines Mosaiksteinchen zu meiner festen \u00dcberzeugung, dass wir, die Menschheit, es schaffen k\u00f6nnen, das ganze mit der guten Welt und so.<\/p>\n<p>Und wer wei\u00df, vielleicht verschachert dieser halbseidene Typ den Wagen nach Afrika oder in den Nahen Osten, vielleicht werde ich die Karre eines Tages in der Tagesschau wiedersehen, wenn die befreite arabische Welt einen kleinen Autokorso um ein neues arabisches Parlament macht oder so. Und diese Freude wird dann auch &#8211; zumindest tempor\u00e4r &#8211; aufwiegen, dass mein Mercedes schon immer f\u00fcnfzehn Liter Super gesoffen hat.<\/p>\n","protected":false},"excerpt":{"rendered":"<p>Heute habe ich meinen sch\u00f6nen alten Mercedes (C123 &#8211; 230CE, silberdistel mit gr\u00fcnem Velours, hier links in einem Bild aus besseren Tagen, aber mit schlechterer Kamera, mit altem Recklingh\u00e4user Kennzeichen) einem dieser Typen \u00fcberlassen, die einem diese &#8222;Kaufe jede Schrottkarre&#8220;-Karten an die Scheibe heften. War zu kaputt, der Wagen. Rost allenthalben, das Automatikgetriebe ruckelte heftig&hellip; <a class=\"more-link\" href=\"https:\/\/www.loick.de\/blog\/?p=346\"><span class=\"screen-reader-text\">Der Mercedes ist weg<\/span> weiterlesen<\/a><\/p>\n","protected":false},"author":2,"featured_media":0,"comment_status":"closed","ping_status":"open","sticky":false,"template":"","format":"standard","meta":{"footnotes":""},"categories":[9,14],"tags":[],"class_list":["post-346","post","type-post","status-publish","format-standard","hentry","category-biofleisch-challenge","category-politik","entry"],"_links":{"self":[{"href":"https:\/\/www.loick.de\/blog\/index.php?rest_route=\/wp\/v2\/posts\/346","targetHints":{"allow":["GET"]}}],"collection":[{"href":"https:\/\/www.loick.de\/blog\/index.php?rest_route=\/wp\/v2\/posts"}],"about":[{"href":"https:\/\/www.loick.de\/blog\/index.php?rest_route=\/wp\/v2\/types\/post"}],"author":[{"embeddable":true,"href":"https:\/\/www.loick.de\/blog\/index.php?rest_route=\/wp\/v2\/users\/2"}],"replies":[{"embeddable":true,"href":"https:\/\/www.loick.de\/blog\/index.php?rest_route=%2Fwp%2Fv2%2Fcomments&post=346"}],"version-history":[{"count":8,"href":"https:\/\/www.loick.de\/blog\/index.php?rest_route=\/wp\/v2\/posts\/346\/revisions"}],"predecessor-version":[{"id":671,"href":"https:\/\/www.loick.de\/blog\/index.php?rest_route=\/wp\/v2\/posts\/346\/revisions\/671"}],"wp:attachment":[{"href":"https:\/\/www.loick.de\/blog\/index.php?rest_route=%2Fwp%2Fv2%2Fmedia&parent=346"}],"wp:term":[{"taxonomy":"category","embeddable":true,"href":"https:\/\/www.loick.de\/blog\/index.php?rest_route=%2Fwp%2Fv2%2Fcategories&post=346"},{"taxonomy":"post_tag","embeddable":true,"href":"https:\/\/www.loick.de\/blog\/index.php?rest_route=%2Fwp%2Fv2%2Ftags&post=346"}],"curies":[{"name":"wp","href":"https:\/\/api.w.org\/{rel}","templated":true}]}}