{"id":357,"date":"2011-12-04T08:05:04","date_gmt":"2011-12-04T07:05:04","guid":{"rendered":"http:\/\/www.loick.de\/blog\/?p=357"},"modified":"2012-10-11T09:21:23","modified_gmt":"2012-10-11T07:21:23","slug":"bundesparteitag-der-spd-der-vorabend-protokoll-vom-03-12-2011","status":"publish","type":"post","link":"https:\/\/www.loick.de\/blog\/?p=357","title":{"rendered":"Bundesparteitag der SPD: Der Vorabend (Protokoll vom 03.12.2011)"},"content":{"rendered":"<h1>Die Anreise<\/h1>\n<p>Liebes ZDF, lieber <a href=\"https:\/\/twitter.com\/#!\/damitdasklaas\" target=\"_blank\">@damitdasklaas<\/a>, liebe Karnevalisten!<br \/>\nHier erstmal v\u00f6llig f\u00fcr umme und zu Eurer freien Verf\u00fcgung ein paar Witze, f\u00fcr die mir w\u00e4hrend der Anreise nach Berlin eingefallen sind:<\/p>\n<p>&#8222;When I travelled to Berlin, I came across Bielefeld, now I know what \u00a0\u00bbfailure\u00ab in Westfailure stands for!&#8220; #tat\u00e4\u00e4\u00e4\u00e4<\/p>\n<p>&#8222;Brand de Burgh, der kleine ostzonale Bruder von Chris.&#8220;\u00a0#tat\u00e4\u00e4\u00e4\u00e4<\/p>\n<p>Und finally: &#8222;In Brandenburg sind die so schlau &#8211; da bauen die Sichtschutzw\u00e4nde f\u00fcr die Bahnreisende, damit die das Elend nicht sehen m\u00fcssen.&#8220;\u00a0#tat\u00e4\u00e4\u00e4\u00e4\u00a0tat\u00e4\u00e4\u00e4\u00e4\u00a0tat\u00e4\u00e4\u00e4\u00e4<\/p>\n<p>Anhand dieser Niveaulosigkeiten l\u00e4sst sich ermessen, was eine lange Bahnfahrt durch trostlose Gegenden unter tief h\u00e4ngenden Wolken bei eingeschr\u00e4nkter Netzkonnektivit\u00e4t und angespanntem Akkuladestand aus Menschen macht. Nun gut, Mund abputzen und weiter.<\/p>\n<h1>Der Vorabend<\/h1>\n<p>Kaum im Hotel angekommen &#8211; dort wimmelte es bereits vor NRW-Genossinnen und Genossen &#8211; erstmal alle Ladeger\u00e4te in die verf\u00fcgbaren Steckdosen, keine Verschnaufpause: Der neu gegr\u00fcndete SPD-nahe Verein D-64 ist heute aus der Deckung hervorgetreten, also erstmal die d\u00fcrren Fakten dar\u00fcber zusammengeklickt. Danach zum Treffen der SPD Netzpolitiker im Stattbad Wedding. Dort sa\u00df die sozialdemokratische Netzprominenz bereits in so einer Art Eingangshalle beisammen und beriet \u00fcber Urheberrecht und Creative Commons Lizenzen. Mich allerdings interessierten vor allem erstmal die dort anwesenden Twitterer, \u00a0u. a. <a href=\"https:\/\/twitter.com\/#!\/horax\" target=\"_blank\">@horax<\/a>, <a href=\"https:\/\/twitter.com\/#!\/matthiasrichel\" target=\"_blank\">@mathiasrichel<\/a>, <a href=\"https:\/\/twitter.com\/#!\/oetting\" target=\"_blank\">@oetting<\/a>, <a href=\"https:\/\/twitter.com\/#!\/christiansoeder\" target=\"_blank\">@christiansoeder<\/a>, <a href=\"https:\/\/twitter.com\/#!\/jensbest\" target=\"_blank\">@jensbest<\/a> (glaub ich zumindest) und viele mehr. Lustig, dass man die erkennt, wenn man sie sieht.<\/p>\n<p>Zusammen mit <a href=\"https:\/\/twitter.com\/#!\/wally44\" target=\"_blank\">@wally44<\/a>, <a href=\"https:\/\/twitter.com\/#!\/miinaaa\" target=\"_blank\">@miinaaa<\/a> und <a href=\"https:\/\/twitter.com\/#!\/red_hardliner\" target=\"_blank\">@red_hardliner<\/a> brach aber alsbald zum Internationalen Presseabend des Vorw\u00e4rts auf, denn dort versprach es viel Parteiprominenz zu geben &#8211; und wo es Prominenz gibt, da gibt es auch gutes Essen! Der Promi-Count vor Ort tickerte von der ersten Sekunde an los, Peer Steinbr\u00fcck, Frank Walter Steinmeier, Franz M\u00fcntefering, Andrea Nahles, Sigmar Gabriel, Uli Deppendorf, <a href=\"https:\/\/twitter.com\/#!\/UlrichKelber\" target=\"_blank\">Ulrich Kelber<\/a>.<\/p>\n<p>Die Rede von Sigmar Gabriel zur Er\u00f6ffnung des Presseabends war kurzweilig, vor allem durch die Live-Schaltungen zu drei Ortsvereinen in Ostfriesland, im Sauerland und in Bayern. Auch wenn die Fragen der OVe und die Antworten Sigmar Gabriels nat\u00fcrlich ein wenig abgesprochen wirkten, halte ich es doch f\u00fcr eine grunds\u00e4tzlich sch\u00f6ne Idee, die Basis an so einem Abend einmal so prominent zu Wort kommen zu lassen. Dabei kann es nat\u00fcrlich nicht darum gehen, in einer zwei-Minuten-Schalte tiefsch\u00fcrfende Diskussionspunkte aufzuwerfen, vielmehr finde ich den Effekt n\u00fctzlich, den geladenen G\u00e4sten eines solchen Abends vor Augen zu f\u00fchren, wer sie eigentlich dazu legitimiert, sich hier in Berlin zu versammeln und wessen Meinungen denn hier eigentlich diskutiert werden.<\/p>\n<p>Danach dann habe ich <a href=\"https:\/\/twitter.com\/#!\/fraeulein_tessa\" target=\"_blank\">@fraeulein_tessa<\/a> pers\u00f6nlich kennenlernen d\u00fcrfen, was mir selbstverst\u00e4ndlich eine gro\u00dfe Freude war und ist &#8211; und zusammen mit ihr kurz darauf Ulrich Kelber. Sehr angenehm, dass man seinen eigenen Bundestagsabgeordneten in so einem Rahmen einfach mal ansprechen kann und der daraus resultierende Small-Talk keineswegs angestrengt oder gezwungen wirkte.<\/p>\n<p>Schlie\u00dflich traf ich dann noch <a href=\"https:\/\/twitter.com\/#!\/horax\" target=\"_blank\">@horax<\/a>, einen der Mitbegr\u00fcnder und Schatzmeister des neuen D64. Ich folge <a href=\"https:\/\/twitter.com\/#!\/horax\" target=\"_blank\">@horax <\/a>ja nun schon seit langem auf Twitter und er war einer der ersten, die mir zur\u00fcckgefolgt sind. \u00dcber pers\u00f6nliche Quellen hatte ich auch schon neben Twitter einiges \u00fcber ihn erfahren und war ganz besonders davon angetan, wie herzlich und fr\u00f6hlich die Begr\u00fc\u00dfung ausfiel und dass wir auch gleich mit D64 ein Thema hatten, \u00fcber das man wunderbar ins Gespr\u00e4ch kommen konnte. Falls ich also irgendwann bei D64 Mitglied werden sollte, geb\u00fchrt <a href=\"https:\/\/twitter.com\/#!\/horax\" target=\"_blank\">@horax<\/a> irgend so eine Mitglieder-werben-Mitglieder-Pr\u00e4mie (sch\u00f6ner Kaffeebecher im edlen Design, D64-Uhr von Meistersinger oder vier Ausgaben der FAZ-Online oder sowas halt&#8230;).<\/p>\n<p>Gegen 22:00 Uhr verlie\u00df ich den Presseabend, um danach den Tag mit <a href=\"https:\/\/twitter.com\/#!\/stedtenhopp1A\" target=\"_blank\">@stedtenhopp1A<\/a>, die ich ja seit langem pers\u00f6nlich kenne, ausklingen zu lassen und die vielen Eindr\u00fccke einmal aussprechen zu k\u00f6nnen. Gefahrenhinweis: Am Potsdamer Platz kostet das Gl\u00e4schen Lagavulin 16j vierzehn! Euro.<\/p>\n","protected":false},"excerpt":{"rendered":"<p>Die Anreise Liebes ZDF, lieber @damitdasklaas, liebe Karnevalisten! Hier erstmal v\u00f6llig f\u00fcr umme und zu Eurer freien Verf\u00fcgung ein paar Witze, f\u00fcr die mir w\u00e4hrend der Anreise nach Berlin eingefallen sind: &#8222;When I travelled to Berlin, I came across Bielefeld, now I know what \u00a0\u00bbfailure\u00ab in Westfailure stands for!&#8220; #tat\u00e4\u00e4\u00e4\u00e4 &#8222;Brand de Burgh, der kleine&hellip; <a class=\"more-link\" href=\"https:\/\/www.loick.de\/blog\/?p=357\"><span class=\"screen-reader-text\">Bundesparteitag der SPD: Der Vorabend (Protokoll vom 03.12.2011)<\/span> weiterlesen<\/a><\/p>\n","protected":false},"author":2,"featured_media":0,"comment_status":"closed","ping_status":"open","sticky":false,"template":"","format":"standard","meta":{"footnotes":""},"categories":[20,14,19],"tags":[],"class_list":["post-357","post","type-post","status-publish","format-standard","hentry","category-hofberichterstattung","category-politik","category-spd","entry"],"_links":{"self":[{"href":"https:\/\/www.loick.de\/blog\/index.php?rest_route=\/wp\/v2\/posts\/357","targetHints":{"allow":["GET"]}}],"collection":[{"href":"https:\/\/www.loick.de\/blog\/index.php?rest_route=\/wp\/v2\/posts"}],"about":[{"href":"https:\/\/www.loick.de\/blog\/index.php?rest_route=\/wp\/v2\/types\/post"}],"author":[{"embeddable":true,"href":"https:\/\/www.loick.de\/blog\/index.php?rest_route=\/wp\/v2\/users\/2"}],"replies":[{"embeddable":true,"href":"https:\/\/www.loick.de\/blog\/index.php?rest_route=%2Fwp%2Fv2%2Fcomments&post=357"}],"version-history":[{"count":8,"href":"https:\/\/www.loick.de\/blog\/index.php?rest_route=\/wp\/v2\/posts\/357\/revisions"}],"predecessor-version":[{"id":670,"href":"https:\/\/www.loick.de\/blog\/index.php?rest_route=\/wp\/v2\/posts\/357\/revisions\/670"}],"wp:attachment":[{"href":"https:\/\/www.loick.de\/blog\/index.php?rest_route=%2Fwp%2Fv2%2Fmedia&parent=357"}],"wp:term":[{"taxonomy":"category","embeddable":true,"href":"https:\/\/www.loick.de\/blog\/index.php?rest_route=%2Fwp%2Fv2%2Fcategories&post=357"},{"taxonomy":"post_tag","embeddable":true,"href":"https:\/\/www.loick.de\/blog\/index.php?rest_route=%2Fwp%2Fv2%2Ftags&post=357"}],"curies":[{"name":"wp","href":"https:\/\/api.w.org\/{rel}","templated":true}]}}