{"id":516,"date":"2012-05-14T01:04:00","date_gmt":"2012-05-13T23:04:00","guid":{"rendered":"http:\/\/www.loick.de\/blog\/?p=516"},"modified":"2012-10-11T09:16:07","modified_gmt":"2012-10-11T07:16:07","slug":"wahlkampf-ein-teilfazit","status":"publish","type":"post","link":"https:\/\/www.loick.de\/blog\/?p=516","title":{"rendered":"Wahlkampf, ein Teilfazit"},"content":{"rendered":"<p>Heute hat die SPD, was ja meine Partei ist, im Gro\u00dfen und Ganzen die Landtagswahl in NRW gewonnen. Als W\u00e4hler freut mich das schon mal.<\/p>\n<p>Aber nun bin ich seit rund einem Jahr Mitglied bei denen. Und damit bekommt so ein Wahlkampf eine andere Qualit\u00e4t. Fr\u00fcher, als ich nur W\u00e4hler war, h\u00e4tte ich bei Anw\u00fcrfen wie \u201cSPD kauft Blogger\u201c oder \u201cKraft ist f\u00fcr KiTa-Pflicht\u201c mein Wahl-O-Mat Ergebnis in Frage gestellt. Als einer, der sich auf die SPD committed hat, f\u00fchle ich mich herausgefordert und gucke nach. Das stresst mich. Das macht so einen Wahlkampf f\u00fcr mich anstrengend. Hat die jetzt ernsthaft eine KiTa-Pflicht f\u00fcr Unterdreij\u00e4hrige gefordert? (Schlimm genug, dass ich Angst habe, das k\u00f6nnte stimmen&#8230;) Oder hat sie echt CDU-Methoden verwendet, um Blogger schreiben zu lassen, was der SPD in den Kram passt? (Schlimm genug, dass ich Angst habe, das k\u00f6nnte stimmen&#8230;)<\/p>\n<p>In beiden F\u00e4llen gab es alsbald stichhaltige Belege, dass diesen Anw\u00fcrfen keinerlei weitere Bedeutung beizumessen ist. Einerseits ist man erleichtert, dass alle Fakten gegen die Anw\u00fcrfe sprechen, aber andererseits will man dagegen an sprechen, zumal im Netz weiter versucht wird, mit diesen Anw\u00fcrfen Schaden anzurichten. Also suche ich Argumente (obwohl ich die l\u00e4ngst habe), ich suche Indizien, die gegen uns sprechen und versuche, diese zu entkr\u00e4ften. Man steht unter einem gewissen Druck, weil man sich committed hat.<\/p>\n<p>Nun ist ja weitgehend alles gut ausgegangen, und ich f\u00fchle die Abwesenheit dieses Drucks. Das ist angenehm.<\/p>\n","protected":false},"excerpt":{"rendered":"<p>Heute hat die SPD, was ja meine Partei ist, im Gro\u00dfen und Ganzen die Landtagswahl in NRW gewonnen. Als W\u00e4hler freut mich das schon mal. Aber nun bin ich seit rund einem Jahr Mitglied bei denen. Und damit bekommt so ein Wahlkampf eine andere Qualit\u00e4t. Fr\u00fcher, als ich nur W\u00e4hler war, h\u00e4tte ich bei Anw\u00fcrfen&hellip; <a class=\"more-link\" href=\"https:\/\/www.loick.de\/blog\/?p=516\"><span class=\"screen-reader-text\">Wahlkampf, ein Teilfazit<\/span> weiterlesen<\/a><\/p>\n","protected":false},"author":2,"featured_media":0,"comment_status":"closed","ping_status":"open","sticky":false,"template":"","format":"standard","meta":{"footnotes":""},"categories":[14,19],"tags":[],"class_list":["post-516","post","type-post","status-publish","format-standard","hentry","category-politik","category-spd","entry"],"_links":{"self":[{"href":"https:\/\/www.loick.de\/blog\/index.php?rest_route=\/wp\/v2\/posts\/516","targetHints":{"allow":["GET"]}}],"collection":[{"href":"https:\/\/www.loick.de\/blog\/index.php?rest_route=\/wp\/v2\/posts"}],"about":[{"href":"https:\/\/www.loick.de\/blog\/index.php?rest_route=\/wp\/v2\/types\/post"}],"author":[{"embeddable":true,"href":"https:\/\/www.loick.de\/blog\/index.php?rest_route=\/wp\/v2\/users\/2"}],"replies":[{"embeddable":true,"href":"https:\/\/www.loick.de\/blog\/index.php?rest_route=%2Fwp%2Fv2%2Fcomments&post=516"}],"version-history":[{"count":3,"href":"https:\/\/www.loick.de\/blog\/index.php?rest_route=\/wp\/v2\/posts\/516\/revisions"}],"predecessor-version":[{"id":642,"href":"https:\/\/www.loick.de\/blog\/index.php?rest_route=\/wp\/v2\/posts\/516\/revisions\/642"}],"wp:attachment":[{"href":"https:\/\/www.loick.de\/blog\/index.php?rest_route=%2Fwp%2Fv2%2Fmedia&parent=516"}],"wp:term":[{"taxonomy":"category","embeddable":true,"href":"https:\/\/www.loick.de\/blog\/index.php?rest_route=%2Fwp%2Fv2%2Fcategories&post=516"},{"taxonomy":"post_tag","embeddable":true,"href":"https:\/\/www.loick.de\/blog\/index.php?rest_route=%2Fwp%2Fv2%2Ftags&post=516"}],"curies":[{"name":"wp","href":"https:\/\/api.w.org\/{rel}","templated":true}]}}