{"id":736,"date":"2012-12-13T23:07:40","date_gmt":"2012-12-13T22:07:40","guid":{"rendered":"http:\/\/www.loick.de\/blog\/?p=736"},"modified":"2012-12-13T23:12:22","modified_gmt":"2012-12-13T22:12:22","slug":"es-gibt-nur-ein-pausanias","status":"publish","type":"post","link":"https:\/\/www.loick.de\/blog\/?p=736","title":{"rendered":"Aus p\u00e4dagogischen Gr\u00fcnden und Bequemlichkeit"},"content":{"rendered":"<p>Vor kurzem twitterte ich so herum zu Peer Steinbr\u00fcck und Politik und sowas, da wurde ich scherzhaft aufgefordert, f\u00fcr diesen Politikshice doch vielleicht einen separaten Twitter-Account zu verwenden. Obwohl ich sogleich reflexhaft &#8222;da m\u00fcsst ihr durch&#8220; antwortete, st\u00fcrzte mich dieser Anwurf sogleich ins Tal des Tiefsch\u00fcrfgr\u00fcbelns. Kann ich meinen Lachfolgern diese ewige SPD Litanei zumuten? Und muss ich mich nicht sch\u00e4men, wenn der von mir verehrte Uli Kelber mit Sp\u00fclerAusr\u00e4umenToDeath Tweets belatschert wird?<\/p>\n<p>So. Ich mach mal eben die Gerechtigkeit-und-Gleichheit-und-Rettung-f\u00fcr-alle-Hymne im Hintergrund an:<\/p>\n<p>Wir m\u00fcssen &#8211; also zumindest ich muss mich &#8211; gegen diese Entfremdung von t\u00e4glichem Leben und Politik stellen, ich muss verhindern, dass es ein &#8222;die da oben&#8220; gegen &#8222;uns kleine Leute&#8220; gibt, ich muss Euch allen immer alles sagen, ich muss alles, was ich twittere als ich twittern, um der Welt klar zu machen, welche unterschiedlichen Dinge in so einem durchschnittlichen Kopf ablaufen. Ich muss uns alle retten. <\/p>\n<p>Und jetzt Musik aus. Ich habe in erster Linie keinen Bock, bei jedem verschissenen Tweet erst \u00fcberlegen zu m\u00fcssen, an wen der gerichtet ist und welchen meiner vierzehn fein ziselierten Accounts ich daf\u00fcr verwenden muss. It&#8217;s always the same stupid head. Derzeit halten 454 Accounts das aus. Ich freue mich \u00fcber jeden davon. <\/p>\n<p>W\u00e4hlt btw die SPD! #chrhrhr<\/p>\n","protected":false},"excerpt":{"rendered":"<p>Vor kurzem twitterte ich so herum zu Peer Steinbr\u00fcck und Politik und sowas, da wurde ich scherzhaft aufgefordert, f\u00fcr diesen Politikshice doch vielleicht einen separaten Twitter-Account zu verwenden. Obwohl ich sogleich reflexhaft &#8222;da m\u00fcsst ihr durch&#8220; antwortete, st\u00fcrzte mich dieser Anwurf sogleich ins Tal des Tiefsch\u00fcrfgr\u00fcbelns. Kann ich meinen Lachfolgern diese ewige SPD Litanei zumuten?&hellip; <a class=\"more-link\" href=\"https:\/\/www.loick.de\/blog\/?p=736\"><span class=\"screen-reader-text\">Aus p\u00e4dagogischen Gr\u00fcnden und Bequemlichkeit<\/span> weiterlesen<\/a><\/p>\n","protected":false},"author":2,"featured_media":0,"comment_status":"closed","ping_status":"open","sticky":false,"template":"","format":"standard","meta":{"footnotes":""},"categories":[14,13,18],"tags":[],"class_list":["post-736","post","type-post","status-publish","format-standard","hentry","category-politik","category-schopfung-und-schicksal","category-social-media","entry"],"_links":{"self":[{"href":"https:\/\/www.loick.de\/blog\/index.php?rest_route=\/wp\/v2\/posts\/736","targetHints":{"allow":["GET"]}}],"collection":[{"href":"https:\/\/www.loick.de\/blog\/index.php?rest_route=\/wp\/v2\/posts"}],"about":[{"href":"https:\/\/www.loick.de\/blog\/index.php?rest_route=\/wp\/v2\/types\/post"}],"author":[{"embeddable":true,"href":"https:\/\/www.loick.de\/blog\/index.php?rest_route=\/wp\/v2\/users\/2"}],"replies":[{"embeddable":true,"href":"https:\/\/www.loick.de\/blog\/index.php?rest_route=%2Fwp%2Fv2%2Fcomments&post=736"}],"version-history":[{"count":3,"href":"https:\/\/www.loick.de\/blog\/index.php?rest_route=\/wp\/v2\/posts\/736\/revisions"}],"predecessor-version":[{"id":915,"href":"https:\/\/www.loick.de\/blog\/index.php?rest_route=\/wp\/v2\/posts\/736\/revisions\/915"}],"wp:attachment":[{"href":"https:\/\/www.loick.de\/blog\/index.php?rest_route=%2Fwp%2Fv2%2Fmedia&parent=736"}],"wp:term":[{"taxonomy":"category","embeddable":true,"href":"https:\/\/www.loick.de\/blog\/index.php?rest_route=%2Fwp%2Fv2%2Fcategories&post=736"},{"taxonomy":"post_tag","embeddable":true,"href":"https:\/\/www.loick.de\/blog\/index.php?rest_route=%2Fwp%2Fv2%2Ftags&post=736"}],"curies":[{"name":"wp","href":"https:\/\/api.w.org\/{rel}","templated":true}]}}