{"id":741,"date":"2012-12-30T13:59:33","date_gmt":"2012-12-30T12:59:33","guid":{"rendered":"http:\/\/www.loick.de\/blog\/?p=741"},"modified":"2012-12-30T13:59:34","modified_gmt":"2012-12-30T12:59:34","slug":"wann-gehts-denn-los","status":"publish","type":"post","link":"https:\/\/www.loick.de\/blog\/?p=741","title":{"rendered":"Wann geht&#8217;s denn los?"},"content":{"rendered":"<p>Heute steht in der FAS ein Interview mit Peer Steinbr\u00fcck, dem\u00a0 Kanzlerkandidaten der SPD. Dort hat er Aussagen zum Kanzlergehalt und zu einem &#8222;Frauenbonus&#8220; Angela Merkels gemacht. Die versammelte Journaille und die Timeline feixen und l\u00e4stern aus allen Rohren, ein kleines #steinbr\u00fcckfilme Mem ist auch schon im Gange. <\/p>\n<p>Ich stehe daneben und denke: Ach, lustig!\u00a0 Also w\u00e4re es, wenn ich nicht zuf\u00e4llig in der SPD w\u00e4re. Jetzt reden wir schon wieder \u00fcber Kommata und sprachliche Schwingungen. Seit Monaten geht das so. Hier hat er sich ungeschickt verhalten und dort nur 89% der Moralskala erreicht und bei den Frauen kommt er wahrscheinlich nur so mittel an. Und seine Mundwinkel zeigen nach unten. So weit so ung\u00fcnstig. <\/p>\n<p>Aber wann fangen wir denn mal an, \u00fcber Politik zu reden? Da stehen gef\u00fchlte zweihundert sozialdemokratische Konzepte zur Umsetzung bereit, die allesamt besser sind als das, was dieser Klamaukhaufen von Regierung einem als &#8222;ihre Arbeit&#8220; unterjubeln will. Wann reden wir mal \u00fcber die v\u00f6llig vergeigte Energiewende und dar\u00fcber, wie rot-gr\u00fcn das besser machen w\u00fcrde? Wann reden wir mal \u00fcber Familienpolitik, wie eine Manuela Schwesig sie umsetzen w\u00fcrde? Wann reden wir \u00fcber den notwendigen fl\u00e4chendeckenden Mindestlohn, wann \u00fcber Peers richtig gutes Papier zur B\u00e4ndigung der aus dem Ruder gelaufenen Finanzm\u00e4rkte? Wann reden wir dar\u00fcber, dass Merkel ein Kabinett zu verantworten hat, das au\u00dfer einer Hoteliersteuer und lokalen Autokennzeichen noch kein einziges nennenswertes Konzept auf die Stra\u00dfe gebracht hat? Wann reden wir \u00fcber eine Frauenquote in den Vorst\u00e4nden der Unternehmen, was ist mit der B\u00fcrgerversicherung? Wann reden wir \u00fcber die Themen, die f\u00fcr die Menschen relevant sind? Wann reden wir dar\u00fcber, dass Merkel mit ihrer vielgepriesenen Europapolitik den Zusammenhalt der EU riskiert? Was ist mit den Renten? Warum ist es besser, Schweizer Banken zu verklagen als den Schweigegel\u00fcbdedeal<br \/>\nvon Herrn Sch\u00e4uble zu unterst\u00fctzen? Wieso wollen wir das Betreuungsgeld asap wieder abschaffen und warum ist es besser, jungen Eltern stattdessen eine 30-Stunden-Woche zu erm\u00f6glichen?<\/p>\n<p>Und nat\u00fcrlich \u00e4rgere ich mich \u00fcber die schlechte Presse derzeit. Aber es ist mir zu billig, hier auf SPON oder die FAS oder die Springerbl\u00e4tter zu schimpfen. Diese Themen m\u00fcssen unser Kanzlerkandidat und die Bundespartei setzen. Und wenn wir das endlich machen, dann gewinnen wir die Wahl, weil der politische Gegner n\u00e4mlich auf keine dieser Fragen auch nur den Hauch einer Antwort hat. Wann geht&#8217;s denn jetzt endlich los, verdammte Hacke nochmal?!<\/p>\n","protected":false},"excerpt":{"rendered":"<p>Heute steht in der FAS ein Interview mit Peer Steinbr\u00fcck, dem\u00a0 Kanzlerkandidaten der SPD. Dort hat er Aussagen zum Kanzlergehalt und zu einem &#8222;Frauenbonus&#8220; Angela Merkels gemacht. Die versammelte Journaille und die Timeline feixen und l\u00e4stern aus allen Rohren, ein kleines #steinbr\u00fcckfilme Mem ist auch schon im Gange. Ich stehe daneben und denke: Ach, lustig!\u00a0&hellip; <a class=\"more-link\" href=\"https:\/\/www.loick.de\/blog\/?p=741\"><span class=\"screen-reader-text\">Wann geht&#8217;s denn los?<\/span> weiterlesen<\/a><\/p>\n","protected":false},"author":2,"featured_media":0,"comment_status":"closed","ping_status":"open","sticky":false,"template":"","format":"standard","meta":{"footnotes":""},"categories":[1],"tags":[],"class_list":["post-741","post","type-post","status-publish","format-standard","hentry","category-allgemein","entry"],"_links":{"self":[{"href":"https:\/\/www.loick.de\/blog\/index.php?rest_route=\/wp\/v2\/posts\/741","targetHints":{"allow":["GET"]}}],"collection":[{"href":"https:\/\/www.loick.de\/blog\/index.php?rest_route=\/wp\/v2\/posts"}],"about":[{"href":"https:\/\/www.loick.de\/blog\/index.php?rest_route=\/wp\/v2\/types\/post"}],"author":[{"embeddable":true,"href":"https:\/\/www.loick.de\/blog\/index.php?rest_route=\/wp\/v2\/users\/2"}],"replies":[{"embeddable":true,"href":"https:\/\/www.loick.de\/blog\/index.php?rest_route=%2Fwp%2Fv2%2Fcomments&post=741"}],"version-history":[{"count":1,"href":"https:\/\/www.loick.de\/blog\/index.php?rest_route=\/wp\/v2\/posts\/741\/revisions"}],"predecessor-version":[{"id":742,"href":"https:\/\/www.loick.de\/blog\/index.php?rest_route=\/wp\/v2\/posts\/741\/revisions\/742"}],"wp:attachment":[{"href":"https:\/\/www.loick.de\/blog\/index.php?rest_route=%2Fwp%2Fv2%2Fmedia&parent=741"}],"wp:term":[{"taxonomy":"category","embeddable":true,"href":"https:\/\/www.loick.de\/blog\/index.php?rest_route=%2Fwp%2Fv2%2Fcategories&post=741"},{"taxonomy":"post_tag","embeddable":true,"href":"https:\/\/www.loick.de\/blog\/index.php?rest_route=%2Fwp%2Fv2%2Ftags&post=741"}],"curies":[{"name":"wp","href":"https:\/\/api.w.org\/{rel}","templated":true}]}}