{"id":764,"date":"2013-01-16T23:16:52","date_gmt":"2013-01-16T22:16:52","guid":{"rendered":"http:\/\/www.loick.de\/blog\/?p=764"},"modified":"2013-01-16T23:19:13","modified_gmt":"2013-01-16T22:19:13","slug":"humano-menetekel-auf-dem-bauernhof","status":"publish","type":"post","link":"https:\/\/www.loick.de\/blog\/?p=764","title":{"rendered":"Humano Menetekel auf dem Bauernhof"},"content":{"rendered":"<p>Seit nunmehr vierzehn Wochen lag unsere Region unter wolkenverhangenem Himmel. Ich wei\u00df das deswegen so genau, weil am 28. September Bartelli von gegen\u00fcber gestorben ist, in friedlichem Sonnenschein und von niemandem beachtet, und zwei Tage sp\u00e4ter, am 30. September beerdigt wurde. <\/p>\n<p>Ich war auf dieser Beerdigung, obwohl ich Bartelli eigentlich nicht kannte, er wohnte gegen\u00fcber und war fett. In der Nacht hat er manchmal Trompete gespielt, leise und dilettantisch und sehr hingebungsvoll. <\/p>\n<p>Ich dachte, ich sollte zu seiner Beerdigung gehen, weil ich Angst hatte, dass sonst niemand dort hingehen w\u00fcrde. Aber es waren doch ein paar Personen da, und was soll ich sagen? Als der Sarg an vier d\u00fcnnen Stahlb\u00e4ndchen hinab gelassen wurde, das Sirren der elektrischen Motorwinde kam mir noch ein wenig fehl am Platze vor, da zogen sich die Wolken zu. Ich hielt das bereits in jenem Moment f\u00fcr unglaubw\u00fcrdig und unangemessen symbolhaft, was mich dazu veranlasste, darauf zu achten, wann denn diese Wolkendecke wieder aufrei\u00dfen w\u00fcrde. <\/p>\n<p>Ich bin Humano Menetekel und nach vierzehn Wochen habe ich endlich wieder einen Schatten.<\/p>\n","protected":false},"excerpt":{"rendered":"<p>Seit nunmehr vierzehn Wochen lag unsere Region unter wolkenverhangenem Himmel. Ich wei\u00df das deswegen so genau, weil am 28. September Bartelli von gegen\u00fcber gestorben ist, in friedlichem Sonnenschein und von niemandem beachtet, und zwei Tage sp\u00e4ter, am 30. September beerdigt wurde. Ich war auf dieser Beerdigung, obwohl ich Bartelli eigentlich nicht kannte, er wohnte gegen\u00fcber&hellip; <a class=\"more-link\" href=\"https:\/\/www.loick.de\/blog\/?p=764\"><span class=\"screen-reader-text\">Humano Menetekel auf dem Bauernhof<\/span> weiterlesen<\/a><\/p>\n","protected":false},"author":2,"featured_media":0,"comment_status":"closed","ping_status":"open","sticky":false,"template":"","format":"standard","meta":{"footnotes":""},"categories":[22],"tags":[],"class_list":["post-764","post","type-post","status-publish","format-standard","hentry","category-humano-menetekel","entry"],"_links":{"self":[{"href":"https:\/\/www.loick.de\/blog\/index.php?rest_route=\/wp\/v2\/posts\/764","targetHints":{"allow":["GET"]}}],"collection":[{"href":"https:\/\/www.loick.de\/blog\/index.php?rest_route=\/wp\/v2\/posts"}],"about":[{"href":"https:\/\/www.loick.de\/blog\/index.php?rest_route=\/wp\/v2\/types\/post"}],"author":[{"embeddable":true,"href":"https:\/\/www.loick.de\/blog\/index.php?rest_route=\/wp\/v2\/users\/2"}],"replies":[{"embeddable":true,"href":"https:\/\/www.loick.de\/blog\/index.php?rest_route=%2Fwp%2Fv2%2Fcomments&post=764"}],"version-history":[{"count":2,"href":"https:\/\/www.loick.de\/blog\/index.php?rest_route=\/wp\/v2\/posts\/764\/revisions"}],"predecessor-version":[{"id":766,"href":"https:\/\/www.loick.de\/blog\/index.php?rest_route=\/wp\/v2\/posts\/764\/revisions\/766"}],"wp:attachment":[{"href":"https:\/\/www.loick.de\/blog\/index.php?rest_route=%2Fwp%2Fv2%2Fmedia&parent=764"}],"wp:term":[{"taxonomy":"category","embeddable":true,"href":"https:\/\/www.loick.de\/blog\/index.php?rest_route=%2Fwp%2Fv2%2Fcategories&post=764"},{"taxonomy":"post_tag","embeddable":true,"href":"https:\/\/www.loick.de\/blog\/index.php?rest_route=%2Fwp%2Fv2%2Ftags&post=764"}],"curies":[{"name":"wp","href":"https:\/\/api.w.org\/{rel}","templated":true}]}}